{"id":13020,"date":"2020-09-17T08:56:09","date_gmt":"2020-09-17T06:56:09","guid":{"rendered":"https:\/\/erkrath.ekir.de\/?p=13020"},"modified":"2021-01-12T08:56:37","modified_gmt":"2021-01-12T07:56:37","slug":"oekumene-was-ist-das-eigentlich","status":"publish","type":"post","link":"https:\/\/erkrath.ekir.de\/?p=13020","title":{"rendered":"\u00d6kumene &#8211; was ist das eigentlich?"},"content":{"rendered":"\n<style type=\"text\/css\" data-created_by=\"avia_inline_auto\" id=\"style-css-av-av_heading-4e36138e463af2ee5a48d6ff971f3866\">\n#top .av-special-heading.av-av_heading-4e36138e463af2ee5a48d6ff971f3866{\npadding-bottom:10px;\n}\nbody .av-special-heading.av-av_heading-4e36138e463af2ee5a48d6ff971f3866 .av-special-heading-tag .heading-char{\nfont-size:25px;\n}\n.av-special-heading.av-av_heading-4e36138e463af2ee5a48d6ff971f3866 .av-subheading{\nfont-size:15px;\n}\n<\/style>\n<div  class='av-special-heading av-av_heading-4e36138e463af2ee5a48d6ff971f3866 av-special-heading-h3 blockquote modern-quote modern-centered  avia-builder-el-0  el_before_av_hr  avia-builder-el-first '><h3 class='av-special-heading-tag '  itemprop=\"headline\"  >\u00d6kumene &#8211; Was ist das eigentlich?<\/h3><div class=\"special-heading-border\"><div class=\"special-heading-inner-border\"><\/div><\/div><\/div>\n\n<style type=\"text\/css\" data-created_by=\"avia_inline_auto\" id=\"style-css-av-kjmwoduj-31ba70c05f92f7f9298c1eae3caa7e9e\">\n#top .hr.hr-invisible.av-kjmwoduj-31ba70c05f92f7f9298c1eae3caa7e9e{\nheight:50px;\n}\n<\/style>\n<div  class='hr av-kjmwoduj-31ba70c05f92f7f9298c1eae3caa7e9e hr-invisible  avia-builder-el-1  el_after_av_heading  el_before_av_one_half '><span class='hr-inner '><span class=\"hr-inner-style\"><\/span><\/span><\/div>\n\n<style type=\"text\/css\" data-created_by=\"avia_inline_auto\" id=\"style-css-av-14666fw-5d57be79388e01a2120beb1dfd2be743\">\n.flex_column.av-14666fw-5d57be79388e01a2120beb1dfd2be743{\nborder-radius:0px 0px 0px 0px;\npadding:0px 0px 0px 0px;\n}\n<\/style>\n<div  class='flex_column av-14666fw-5d57be79388e01a2120beb1dfd2be743 av_one_half  avia-builder-el-2  el_after_av_hr  el_before_av_one_half  first flex_column_div av-zero-column-padding  '     ><div  class='avia-slideshow av-keslvvht-0583d9f2555f365b366e6c426f053636 avia-slideshow-extra_large av_slideshow avia-slide-slider  avia-builder-el-3  avia-builder-el-no-sibling  av-slideshow-ui av-control-default av-slideshow-manual av-loop-once av-loop-manual-endless av-default-height-applied avia-slideshow-1' data-slideshow-options=\"{&quot;animation&quot;:&quot;slide&quot;,&quot;autoplay&quot;:false,&quot;loop_autoplay&quot;:&quot;once&quot;,&quot;interval&quot;:5,&quot;loop_manual&quot;:&quot;manual-endless&quot;,&quot;autoplay_stopper&quot;:false,&quot;noNavigation&quot;:false,&quot;bg_slider&quot;:false,&quot;keep_padding&quot;:false,&quot;hoverpause&quot;:false,&quot;show_slide_delay&quot;:0}\"  itemprop=\"image\" itemscope=\"itemscope\" itemtype=\"https:\/\/schema.org\/ImageObject\" ><ul class='avia-slideshow-inner ' style='padding-bottom: 100%;'><\/ul><\/div><\/div>\n<style type=\"text\/css\" data-created_by=\"avia_inline_auto\" id=\"style-css-av-nk8jlo-d3018cc58fa79a8b3af6f856cbeadc60\">\n.flex_column.av-nk8jlo-d3018cc58fa79a8b3af6f856cbeadc60{\nborder-radius:0px 0px 0px 0px;\npadding:0px 0px 0px 0px;\n}\n<\/style>\n<div  class='flex_column av-nk8jlo-d3018cc58fa79a8b3af6f856cbeadc60 av_one_half  avia-builder-el-4  el_after_av_one_half  avia-builder-el-last  flex_column_div av-zero-column-padding  '     ><section  class='av_textblock_section av-l403nw-15c8bb0a6c42812b6bb39754c1622176 '   itemscope=\"itemscope\" itemtype=\"https:\/\/schema.org\/BlogPosting\" itemprop=\"blogPost\" ><div class='avia_textblock'  itemprop=\"text\" ><p>\u00d6kumenische Gottesdienste, gemeinsam genutzte Geb\u00e4ude, die gemeinsame Tr\u00e4gerschaft in sozialen Einrichtungen, gemeinsame Feste und Projekte \u2013 die Zusammenarbeit mit den r\u00f6misch-katholischen Gemeinden bildet einen Schwerpunkt der \u00d6kumene. Aber \u201e\u00d6kumene\u201c meint mehr als die Beziehung zur r\u00f6misch-katholischen Kirche. Die Evangelische Kirche im Rheinland ist mit weiteren christlichen Konfessionen verbunden.<\/p>\n<p>Neben der konkreten Zusammenarbeit der Gemeinden vor Ort findet diese Verbundenheit Ausdruck in den Arbeitsgemeinschaften Christlicher Kirchen auf Orts- und Landesebene. Die EKiR ist Mitglied in den ACKs Nordrhein-Westfalen und Region S\u00fcdwest.<\/p>\n<\/div><\/section><\/div><\/p>\n","protected":false},"excerpt":{"rendered":"","protected":false},"author":2,"featured_media":11717,"comment_status":"open","ping_status":"open","sticky":false,"template":"","format":"standard","meta":{"footnotes":""},"categories":[2,32],"tags":[],"class_list":["post-13020","post","type-post","status-publish","format-standard","has-post-thumbnail","hentry","category-evangelischinerkrath","category-oekumene"],"_links":{"self":[{"href":"https:\/\/erkrath.ekir.de\/index.php?rest_route=\/wp\/v2\/posts\/13020","targetHints":{"allow":["GET"]}}],"collection":[{"href":"https:\/\/erkrath.ekir.de\/index.php?rest_route=\/wp\/v2\/posts"}],"about":[{"href":"https:\/\/erkrath.ekir.de\/index.php?rest_route=\/wp\/v2\/types\/post"}],"author":[{"embeddable":true,"href":"https:\/\/erkrath.ekir.de\/index.php?rest_route=\/wp\/v2\/users\/2"}],"replies":[{"embeddable":true,"href":"https:\/\/erkrath.ekir.de\/index.php?rest_route=%2Fwp%2Fv2%2Fcomments&post=13020"}],"version-history":[{"count":0,"href":"https:\/\/erkrath.ekir.de\/index.php?rest_route=\/wp\/v2\/posts\/13020\/revisions"}],"wp:featuredmedia":[{"embeddable":true,"href":"https:\/\/erkrath.ekir.de\/index.php?rest_route=\/wp\/v2\/media\/11717"}],"wp:attachment":[{"href":"https:\/\/erkrath.ekir.de\/index.php?rest_route=%2Fwp%2Fv2%2Fmedia&parent=13020"}],"wp:term":[{"taxonomy":"category","embeddable":true,"href":"https:\/\/erkrath.ekir.de\/index.php?rest_route=%2Fwp%2Fv2%2Fcategories&post=13020"},{"taxonomy":"post_tag","embeddable":true,"href":"https:\/\/erkrath.ekir.de\/index.php?rest_route=%2Fwp%2Fv2%2Ftags&post=13020"}],"curies":[{"name":"wp","href":"https:\/\/api.w.org\/{rel}","templated":true}]}}