{"id":13302,"date":"2020-11-09T21:14:20","date_gmt":"2020-11-09T20:14:20","guid":{"rendered":"https:\/\/erkrath.ekir.de\/?p=13302"},"modified":"2021-04-14T14:32:53","modified_gmt":"2021-04-14T12:32:53","slug":"das-leben-in-und-mit-der-krise-und-zwar-doppelt","status":"publish","type":"post","link":"https:\/\/erkrath.ekir.de\/?p=13302","title":{"rendered":"Das Leben in und mit der Krise \u2013 und zwar doppelt!"},"content":{"rendered":"<div  class='avia-slideshow av-29liuq8-fe3f771fe22c81d022d492b9022b4354 avia-slideshow-featured av_slideshow avia-slide-slider  avia-builder-el-0  el_before_av_heading  avia-builder-el-first  av-slideshow-ui av-control-default av-slideshow-manual av-loop-once av-loop-manual-endless av-default-height-applied avia-slideshow-1' data-slideshow-options=\"{&quot;animation&quot;:&quot;slide&quot;,&quot;autoplay&quot;:false,&quot;loop_autoplay&quot;:&quot;once&quot;,&quot;interval&quot;:5,&quot;loop_manual&quot;:&quot;manual-endless&quot;,&quot;autoplay_stopper&quot;:false,&quot;noNavigation&quot;:false,&quot;bg_slider&quot;:false,&quot;keep_padding&quot;:false,&quot;hoverpause&quot;:false,&quot;show_slide_delay&quot;:0}\"  itemprop=\"image\" itemscope=\"itemscope\" itemtype=\"https:\/\/schema.org\/ImageObject\" ><ul class='avia-slideshow-inner ' style='padding-bottom: 28.666666666667%;'><li  class='avia-slideshow-slide av-29liuq8-fe3f771fe22c81d022d492b9022b4354__0  av-single-slide slide-1 slide-odd'><div data-rel='slideshow-1' class='avia-slide-wrap '   ><img decoding=\"async\" fetchpriority=\"high\" class=\"wp-image-13298 avia-img-lazy-loading-not-13298\"  src=\"https:\/\/erkrath.ekir.de\/wp-content\/uploads\/2020\/11\/20200418_203724-scaled-e1604953063321-1500x430.jpg\" width=\"1500\" height=\"430\" title='20200418_203724' alt=''  itemprop=\"thumbnailUrl\"   \/><\/div><\/li><\/ul><\/div>\n\n<style type=\"text\/css\" data-created_by=\"avia_inline_auto\" id=\"style-css-av-av_heading-1801bb77bd5b8c6a83ca7b286a31e8cd\">\n#top .av-special-heading.av-av_heading-1801bb77bd5b8c6a83ca7b286a31e8cd{\npadding-bottom:10px;\n}\nbody .av-special-heading.av-av_heading-1801bb77bd5b8c6a83ca7b286a31e8cd .av-special-heading-tag .heading-char{\nfont-size:25px;\n}\n.av-special-heading.av-av_heading-1801bb77bd5b8c6a83ca7b286a31e8cd .av-subheading{\nfont-size:15px;\n}\n<\/style>\n<div  class='av-special-heading av-av_heading-1801bb77bd5b8c6a83ca7b286a31e8cd av-special-heading-h5 blockquote modern-quote  avia-builder-el-1  el_after_av_slideshow  el_before_av_hr '><h5 class='av-special-heading-tag '  itemprop=\"headline\"  >Das Leben in und mit der Krise \u2013 und zwar doppelt!<\/h5><div class=\"special-heading-border\"><div class=\"special-heading-inner-border\"><\/div><\/div><\/div>\n\n<style type=\"text\/css\" data-created_by=\"avia_inline_auto\" id=\"style-css-av-kcpsowot-457557e3eabfb5cf2ffc389e14f6c452\">\n#top .hr.hr-invisible.av-kcpsowot-457557e3eabfb5cf2ffc389e14f6c452{\nheight:50px;\n}\n<\/style>\n<div  class='hr av-kcpsowot-457557e3eabfb5cf2ffc389e14f6c452 hr-invisible  avia-builder-el-2  el_after_av_heading  el_before_av_textblock '><span class='hr-inner '><span class=\"hr-inner-style\"><\/span><\/span><\/div>\n<section  class='av_textblock_section av-kcpspez9-61f64ec019de8e78a6e479ca4a2e9ee2 '   itemscope=\"itemscope\" itemtype=\"https:\/\/schema.org\/BlogPosting\" itemprop=\"blogPost\" ><div class='avia_textblock'  itemprop=\"text\" ><div class=\"teaser\">\n<div>\n<p>Liebe Gemeindemitglieder,<\/p>\n<p>w\u00e4hrend ich dies schreibe, befinden wir uns in der zweiten Corona-Welle mit immer neuen Anweisungen. Und wo die Regeln nicht eindeutig sind, m\u00fcssen wir eigene Entscheidungen treffen, ob und wie wir unsere Veranstaltungen durchf\u00fchren oder absagen. Dabei treffen wir immer auch auf Unverst\u00e4ndnis, entt\u00e4uschen die einen und gef\u00e4hrden die anderen.<\/p>\n<p>Angemessenes Verhalten in der Krise bleibt auch f\u00fcr uns eine Gratwanderung. Manches planen wir nur auf Sicht, anderes braucht einen l\u00e4ngeren Vorlauf. Daher haben wir uns entschlossen, Sie auch in Unkenntnis der Entwicklung schon einmal zu manchem Termin einzuladen, denn: <strong>Absagen kann man immer noch.<\/strong><\/p>\n<p>Die andere Krise, die das Presbyterium in Zusammenarbeit mit dem Kirchenkreis und der Landeskirche zur Zeit mit gro\u00dfem Einsatz zu bew\u00e4ltigen hat, ist die Umstrukturierung der Gemeinde in Folge der Einsparung einer Pfarrstelle.<\/p>\n<p>Sinkende Mitgliederzahlen zwingen zu neuen Arbeitsweisen, die derzeit erarbeitet werden.<\/p>\n<p>Die Ergebnisse werden mitgeteilt, sobald die gegenw\u00e4rtigen Verhandlungen abgeschlossen sind.<\/p>\n<p>Dann werden wir zeitnah zu einer Gemeindeversammlung einladen \u2013 durch zweimalige Abk\u00fcndigung im Gottesdienst, auf der Homepage und per Aushang in den Schauk\u00e4sten \u2013 und vermutlich an zwei Terminen mit R\u00fccksicht auf die Teilnehmerbeschr\u00e4nkungen.<\/p>\n<p>Ich bitte Sie bis dahin um Geduld und gr\u00fc\u00dfe Sie herzlich.<\/p>\n<p>Gisela Kuhn, Vorsitzende des Presbyteriums<\/p>\n<\/div>\n<div class=\"teaser\"><\/div>\n<\/div>\n<\/div><\/section>\n<div  class='hr av-1d5edu8-4680c7cf2d17e21edcf8c50de613eb1b hr-default  avia-builder-el-4  el_after_av_textblock  el_before_av_gallery '><span class='hr-inner '><span class=\"hr-inner-style\"><\/span><\/span><\/div>\n\n<style type=\"text\/css\" data-created_by=\"avia_inline_auto\" id=\"style-css-av-kcpspyin-0244cbc421d3072592dd2ff4bb71e79d\">\n#top .avia-gallery.av-kcpspyin-0244cbc421d3072592dd2ff4bb71e79d .avia-gallery-thumb a{\nwidth:20%;\n}\n<\/style>\n<div  class='avia-gallery av-kcpspyin-0244cbc421d3072592dd2ff4bb71e79d avia_animate_when_visible  avia-builder-el-5  el_after_av_hr  el_before_av_hr  avia_lazyload avia-gallery-animate avia-gallery-1'  itemprop=\"image\" itemscope=\"itemscope\" itemtype=\"https:\/\/schema.org\/ImageObject\" ><meta itemprop=\"contentURL\" content=\"https:\/\/erkrath.ekir.de\/?p=13302\"><div class='avia-gallery-thumb'><a href=\"https:\/\/erkrath.ekir.de\/wp-content\/uploads\/2020\/11\/20200418_203724-scaled-e1604953063321-1030x579.jpg\" data-srcset=\"https:\/\/erkrath.ekir.de\/wp-content\/uploads\/2020\/11\/20200418_203724-scaled-e1604953063321-1030x579.jpg 1030w, https:\/\/erkrath.ekir.de\/wp-content\/uploads\/2020\/11\/20200418_203724-scaled-e1604953063321-300x169.jpg 300w, https:\/\/erkrath.ekir.de\/wp-content\/uploads\/2020\/11\/20200418_203724-scaled-e1604953063321-768x432.jpg 768w, https:\/\/erkrath.ekir.de\/wp-content\/uploads\/2020\/11\/20200418_203724-scaled-e1604953063321-1536x864.jpg 1536w, https:\/\/erkrath.ekir.de\/wp-content\/uploads\/2020\/11\/20200418_203724-scaled-e1604953063321-2048x1152.jpg 2048w, https:\/\/erkrath.ekir.de\/wp-content\/uploads\/2020\/11\/20200418_203724-scaled-e1604953063321-1500x844.jpg 1500w, https:\/\/erkrath.ekir.de\/wp-content\/uploads\/2020\/11\/20200418_203724-scaled-e1604953063321-705x397.jpg 705w, https:\/\/erkrath.ekir.de\/wp-content\/uploads\/2020\/11\/20200418_203724-scaled-e1604953063321.jpg 1600w\" data-sizes=\"(max-width: 1030px) 100vw, 1030px\" data-rel='gallery-1' data-prev-img='https:\/\/erkrath.ekir.de\/wp-content\/uploads\/2020\/11\/20200418_203724-scaled-e1604953063321-495x400.jpg' class='first_thumb lightbox  ' data-onclick='1' title='20200418_203724'  itemprop=\"thumbnailUrl\"  ><img decoding=\"async\" fetchpriority=\"high\" class=\"wp-image-13298 avia-img-lazy-loading-not-13298\"   src=\"https:\/\/erkrath.ekir.de\/wp-content\/uploads\/2020\/11\/20200418_203724-scaled-e1604953063321-495x400.jpg\" width=\"495\" height=\"400\"  title='20200418_203724' alt='' srcset=\"https:\/\/erkrath.ekir.de\/wp-content\/uploads\/2020\/11\/20200418_203724-scaled-e1604953063321-495x400.jpg 495w, https:\/\/erkrath.ekir.de\/wp-content\/uploads\/2020\/11\/20200418_203724-scaled-e1604953063321-845x684.jpg 845w\" sizes=\"(max-width: 495px) 100vw, 495px\" \/><div class='big-prev-fake'><img decoding=\"async\" loading=\"lazy\" class=\"wp-image-13298 avia-img-lazy-loading-13298\"  width=\"495\" height=\"400\" src=\"https:\/\/erkrath.ekir.de\/wp-content\/uploads\/2020\/11\/20200418_203724-scaled-e1604953063321-495x400.jpg\" title='20200418_203724' alt='' srcset=\"https:\/\/erkrath.ekir.de\/wp-content\/uploads\/2020\/11\/20200418_203724-scaled-e1604953063321-495x400.jpg 495w, https:\/\/erkrath.ekir.de\/wp-content\/uploads\/2020\/11\/20200418_203724-scaled-e1604953063321-845x684.jpg 845w\" sizes=\"auto, (max-width: 495px) 100vw, 495px\" \/><\/div><\/a><\/div><\/div>\n<div  class='hr av-lirmmo-275a7ecc6e2806795c7aaa0ad8dbb9a5 hr-default  avia-builder-el-6  el_after_av_gallery  avia-builder-el-last '><span class='hr-inner '><span class=\"hr-inner-style\"><\/span><\/span><\/div>\n","protected":false},"excerpt":{"rendered":"","protected":false},"author":17,"featured_media":13298,"comment_status":"closed","ping_status":"closed","sticky":false,"template":"","format":"standard","meta":{"footnotes":""},"categories":[2],"tags":[],"class_list":["post-13302","post","type-post","status-publish","format-standard","has-post-thumbnail","hentry","category-evangelischinerkrath"],"_links":{"self":[{"href":"https:\/\/erkrath.ekir.de\/index.php?rest_route=\/wp\/v2\/posts\/13302","targetHints":{"allow":["GET"]}}],"collection":[{"href":"https:\/\/erkrath.ekir.de\/index.php?rest_route=\/wp\/v2\/posts"}],"about":[{"href":"https:\/\/erkrath.ekir.de\/index.php?rest_route=\/wp\/v2\/types\/post"}],"author":[{"embeddable":true,"href":"https:\/\/erkrath.ekir.de\/index.php?rest_route=\/wp\/v2\/users\/17"}],"replies":[{"embeddable":true,"href":"https:\/\/erkrath.ekir.de\/index.php?rest_route=%2Fwp%2Fv2%2Fcomments&post=13302"}],"version-history":[{"count":0,"href":"https:\/\/erkrath.ekir.de\/index.php?rest_route=\/wp\/v2\/posts\/13302\/revisions"}],"wp:featuredmedia":[{"embeddable":true,"href":"https:\/\/erkrath.ekir.de\/index.php?rest_route=\/wp\/v2\/media\/13298"}],"wp:attachment":[{"href":"https:\/\/erkrath.ekir.de\/index.php?rest_route=%2Fwp%2Fv2%2Fmedia&parent=13302"}],"wp:term":[{"taxonomy":"category","embeddable":true,"href":"https:\/\/erkrath.ekir.de\/index.php?rest_route=%2Fwp%2Fv2%2Fcategories&post=13302"},{"taxonomy":"post_tag","embeddable":true,"href":"https:\/\/erkrath.ekir.de\/index.php?rest_route=%2Fwp%2Fv2%2Ftags&post=13302"}],"curies":[{"name":"wp","href":"https:\/\/api.w.org\/{rel}","templated":true}]}}