{"id":13408,"date":"2020-11-26T15:59:08","date_gmt":"2020-11-26T14:59:08","guid":{"rendered":"https:\/\/erkrath.ekir.de\/?p=13408"},"modified":"2020-11-27T17:50:29","modified_gmt":"2020-11-27T16:50:29","slug":"corona-nachbarschaftshilfe","status":"publish","type":"post","link":"https:\/\/erkrath.ekir.de\/?p=13408","title":{"rendered":"Corona-Nachbarschaftshilfe"},"content":{"rendered":"<div  class='avia-slideshow av-khyzb8pg-9ffc63d8630b252c4ac204d5cc39b643 avia-slideshow-featured av_slideshow avia-slide-slider  avia-builder-el-0  el_before_av_heading  avia-builder-el-first  av-slideshow-ui av-control-default av-slideshow-manual av-loop-once av-loop-manual-endless av-default-height-applied avia-slideshow-1' data-slideshow-options=\"{&quot;animation&quot;:&quot;slide&quot;,&quot;autoplay&quot;:false,&quot;loop_autoplay&quot;:&quot;once&quot;,&quot;interval&quot;:5,&quot;loop_manual&quot;:&quot;manual-endless&quot;,&quot;autoplay_stopper&quot;:false,&quot;noNavigation&quot;:false,&quot;bg_slider&quot;:false,&quot;keep_padding&quot;:false,&quot;hoverpause&quot;:false,&quot;show_slide_delay&quot;:0}\"  itemprop=\"image\" itemscope=\"itemscope\" itemtype=\"https:\/\/schema.org\/ImageObject\" ><ul class='avia-slideshow-inner ' style='padding-bottom: 28.666666666667%;'><li  class='avia-slideshow-slide av-khyzb8pg-9ffc63d8630b252c4ac204d5cc39b643__0  av-single-slide slide-1 slide-odd'><div data-rel='slideshow-1' class='avia-slide-wrap '   ><img decoding=\"async\" fetchpriority=\"high\" class=\"wp-image-13450 avia-img-lazy-loading-not-13450\"  src=\"https:\/\/erkrath.ekir.de\/wp-content\/uploads\/2020\/11\/Bildschirmfoto-2020-11-27-um-17.39.41-1500x430.png\" width=\"1500\" height=\"430\" title='Bildquellen: pixabay.com, freepik.com, die Logos wurden von den beteiligten Organisationen bereitgestellt' alt='Bildquellen: pixabay.com, freepik.com, die Logos wurden von den beteiligten Organisationen bereitgestellt'  itemprop=\"thumbnailUrl\"   \/><\/div><\/li><\/ul><\/div>\n\n<style type=\"text\/css\" data-created_by=\"avia_inline_auto\" id=\"style-css-av-av_heading-939b441f3cd54a864653d5c1a66a3a46\">\n#top .av-special-heading.av-av_heading-939b441f3cd54a864653d5c1a66a3a46{\npadding-bottom:10px;\n}\nbody .av-special-heading.av-av_heading-939b441f3cd54a864653d5c1a66a3a46 .av-special-heading-tag .heading-char{\nfont-size:25px;\n}\n.av-special-heading.av-av_heading-939b441f3cd54a864653d5c1a66a3a46 .av-subheading{\nfont-size:15px;\n}\n<\/style>\n<div  class='av-special-heading av-av_heading-939b441f3cd54a864653d5c1a66a3a46 av-special-heading-h5 blockquote modern-quote  avia-builder-el-1  el_after_av_slideshow  el_before_av_textblock '><h5 class='av-special-heading-tag '  itemprop=\"headline\"  >Corona-Nachbarschaftshilfe<\/h5><div class=\"special-heading-border\"><div class=\"special-heading-inner-border\"><\/div><\/div><\/div>\n<section  class='av_textblock_section av-uvov34-a51b46ffc3db083ed92f4d5d13e375e3 '   itemscope=\"itemscope\" itemtype=\"https:\/\/schema.org\/BlogPosting\" itemprop=\"blogPost\" ><div class='avia_textblock'  itemprop=\"text\" ><p style=\"text-align: left;\">WIR SIND AUCH WEITERHIN GERNE F\u00dcR SIE DA !<\/p>\n<p style=\"text-align: left;\">Wir erledigen <strong>Eink\u00e4ufe, Postg\u00e4nge, Abholung in der Apotheke<\/strong>, sind aber gerne auch Ansprechpartner bei weiteren Fragen. Wenn Sie jemanden kennen, der Hilfe ben\u00f6tigt, informieren Sie ihn gerne \u00fcber unser Angebot!<\/p>\n<p style=\"text-align: left;\">So erreichen Sie uns:<\/p>\n<p style=\"text-align: left;\"><strong>Tel. <\/strong><strong>02104-9571882 <\/strong>Di 15-17h, Fr 10-12h<\/p>\n<p style=\"text-align: left;\">(<em>in der \u00fcbrigen Zeit l\u00e4uft ein Anrufbeantworter; wir rufen Sie zur\u00fcck)\u00a0\u00a0\u00a0\u00a0\u00a0\u00a0\u00a0\u00a0\u00a0\u00a0\u00a0\u00a0\u00a0\u00a0\u00a0\u00a0\u00a0\u00a0\u00a0\u00a0\u00a0\u00a0\u00a0\u00a0\u00a0\u00a0\u00a0\u00a0\u00a0\u00a0\u00a0\u00a0\u00a0\u00a0\u00a0\u00a0\u00a0\u00a0\u00a0\u00a0\u00a0\u00a0\u00a0\u00a0\u00a0\u00a0\u00a0\u00a0\u00a0\u00a0\u00a0\u00a0\u00a0\u00a0\u00a0\u00a0\u00a0\u00a0\u00a0\u00a0\u00a0\u00a0\u00a0\u00a0\u00a0\u00a0\u00a0\u00a0\u00a0\u00a0\u00a0\u00a0\u00a0\u00a0\u00a0\u00a0\u00a0\u00a0\u00a0\u00a0\u00a0\u00a0\u00a0\u00a0\u00a0\u00a0\u00a0\u00a0\u00a0\u00a0\u00a0\u00a0\u00a0\u00a0\u00a0\u00a0\u00a0\u00a0\u00a0\u00a0 \u00a0<\/em><strong> \u00a0\u00a0\u00a0\u00a0\u00a0\u00a0 <\/strong><\/p>\n<p style=\"text-align: left;\"><strong>oder E-Mail: <\/strong><strong>nachbarschaftshilfe@kk-eu.de<\/strong><strong>.<\/strong><\/p>\n<p style=\"text-align: left;\"><strong>Weitere Hinweise:<\/strong><\/p>\n<ul style=\"text-align: left;\">\n<li><strong>Keine Vermittlung <\/strong>von<strong> Kinderbetreuung, Geldgesch\u00e4ften <\/strong>oder<strong> Pflegeservice <\/strong><\/li>\n<li>Freiwilliges, <strong>ehrenamtliches<\/strong> Angebot. Es besteht kein Anspruch auf eine Erledigung zu einem bestimmten Zeitpunkt.<\/li>\n<li>Die Nachbarschaftshilfe tritt <strong>nur als Vermittler<\/strong> auf und <strong>haftet nicht f\u00fcr Verlust<\/strong> von Bargeld und Unterlagen, Fehlk\u00e4ufe etc.<\/li>\n<\/ul>\n<p style=\"text-align: left;\">Bei Fragen kommen Sie gerne auf uns zu!<\/p>\n<p style=\"text-align: left;\"><strong>Wenn Sie sich in der Nachbarschaftshilfe engagieren m\u00f6chten, nutzen Sie gerne die <\/strong><\/p>\n<p style=\"text-align: left;\"><strong>gleichen Kontaktdaten. Wir freuen uns auf Sie!<\/strong><\/p>\n<div class=\"page\" title=\"Page 1\">\n<div class=\"layoutArea\">\n<div class=\"column\">\n<p><em>Bildquellen: pixabay.com, freepik.com, die Logos wurden von den beteiligten Organisationen bereitgestellt<\/em><\/p>\n<\/div>\n<\/div>\n<\/div>\n<\/div><\/section>\n\n<style type=\"text\/css\" data-created_by=\"avia_inline_auto\" id=\"style-css-av-ki0hobd0-d813a07626565490c3f36f10b70f5ad1\">\n#top .hr.hr-invisible.av-ki0hobd0-d813a07626565490c3f36f10b70f5ad1{\nheight:50px;\n}\n<\/style>\n<div  class='hr av-ki0hobd0-d813a07626565490c3f36f10b70f5ad1 hr-invisible  avia-builder-el-3  el_after_av_textblock  avia-builder-el-last '><span class='hr-inner '><span class=\"hr-inner-style\"><\/span><\/span><\/div>\n","protected":false},"excerpt":{"rendered":"","protected":false},"author":17,"featured_media":13450,"comment_status":"closed","ping_status":"closed","sticky":false,"template":"","format":"standard","meta":{"footnotes":""},"categories":[2],"tags":[],"class_list":["post-13408","post","type-post","status-publish","format-standard","has-post-thumbnail","hentry","category-evangelischinerkrath"],"_links":{"self":[{"href":"https:\/\/erkrath.ekir.de\/index.php?rest_route=\/wp\/v2\/posts\/13408","targetHints":{"allow":["GET"]}}],"collection":[{"href":"https:\/\/erkrath.ekir.de\/index.php?rest_route=\/wp\/v2\/posts"}],"about":[{"href":"https:\/\/erkrath.ekir.de\/index.php?rest_route=\/wp\/v2\/types\/post"}],"author":[{"embeddable":true,"href":"https:\/\/erkrath.ekir.de\/index.php?rest_route=\/wp\/v2\/users\/17"}],"replies":[{"embeddable":true,"href":"https:\/\/erkrath.ekir.de\/index.php?rest_route=%2Fwp%2Fv2%2Fcomments&post=13408"}],"version-history":[{"count":0,"href":"https:\/\/erkrath.ekir.de\/index.php?rest_route=\/wp\/v2\/posts\/13408\/revisions"}],"wp:featuredmedia":[{"embeddable":true,"href":"https:\/\/erkrath.ekir.de\/index.php?rest_route=\/wp\/v2\/media\/13450"}],"wp:attachment":[{"href":"https:\/\/erkrath.ekir.de\/index.php?rest_route=%2Fwp%2Fv2%2Fmedia&parent=13408"}],"wp:term":[{"taxonomy":"category","embeddable":true,"href":"https:\/\/erkrath.ekir.de\/index.php?rest_route=%2Fwp%2Fv2%2Fcategories&post=13408"},{"taxonomy":"post_tag","embeddable":true,"href":"https:\/\/erkrath.ekir.de\/index.php?rest_route=%2Fwp%2Fv2%2Ftags&post=13408"}],"curies":[{"name":"wp","href":"https:\/\/api.w.org\/{rel}","templated":true}]}}