{"id":13486,"date":"2020-12-06T11:56:00","date_gmt":"2020-12-06T10:56:00","guid":{"rendered":"https:\/\/erkrath.ekir.de\/?p=13486"},"modified":"2020-12-30T09:07:30","modified_gmt":"2020-12-30T08:07:30","slug":"alle-jahr-wieder-nein","status":"publish","type":"post","link":"https:\/\/erkrath.ekir.de\/?p=13486","title":{"rendered":"Alle Jahr wieder \u2026 Nein !"},"content":{"rendered":"<div  class='avia-slideshow av-29liuq8-fe3f771fe22c81d022d492b9022b4354 avia-slideshow-featured av_slideshow avia-slide-slider  avia-builder-el-0  el_before_av_heading  avia-builder-el-first  av-slideshow-ui av-control-default av-slideshow-manual av-loop-once av-loop-manual-endless av-default-height-applied avia-slideshow-1' data-slideshow-options=\"{&quot;animation&quot;:&quot;slide&quot;,&quot;autoplay&quot;:false,&quot;loop_autoplay&quot;:&quot;once&quot;,&quot;interval&quot;:5,&quot;loop_manual&quot;:&quot;manual-endless&quot;,&quot;autoplay_stopper&quot;:false,&quot;noNavigation&quot;:false,&quot;bg_slider&quot;:false,&quot;keep_padding&quot;:false,&quot;hoverpause&quot;:false,&quot;show_slide_delay&quot;:0}\"  itemprop=\"image\" itemscope=\"itemscope\" itemtype=\"https:\/\/schema.org\/ImageObject\" ><ul class='avia-slideshow-inner ' style='padding-bottom: 53.952321204517%;'><li  class='avia-slideshow-slide av-29liuq8-fe3f771fe22c81d022d492b9022b4354__0  av-single-slide slide-1 slide-odd'><div data-rel='slideshow-1' class='avia-slide-wrap '   ><img decoding=\"async\" fetchpriority=\"high\" class=\"wp-image-13493 avia-img-lazy-loading-not-13493\"  src=\"https:\/\/erkrath.ekir.de\/wp-content\/uploads\/2020\/12\/weihnachten-797x430.jpg\" width=\"797\" height=\"430\" title='weihnachten' alt=''  itemprop=\"thumbnailUrl\"   \/><\/div><\/li><\/ul><\/div>\n\n<style type=\"text\/css\" data-created_by=\"avia_inline_auto\" id=\"style-css-av-av_heading-e117d4d08288595808027d189951893c\">\n#top .av-special-heading.av-av_heading-e117d4d08288595808027d189951893c{\npadding-bottom:10px;\n}\nbody .av-special-heading.av-av_heading-e117d4d08288595808027d189951893c .av-special-heading-tag .heading-char{\nfont-size:25px;\n}\n.av-special-heading.av-av_heading-e117d4d08288595808027d189951893c .av-subheading{\nfont-size:15px;\n}\n<\/style>\n<div  class='av-special-heading av-av_heading-e117d4d08288595808027d189951893c av-special-heading-h5 blockquote modern-quote  avia-builder-el-1  el_after_av_slideshow  el_before_av_hr '><h5 class='av-special-heading-tag '  itemprop=\"headline\"  >Alle Jahr wieder \u2026 Nein !<\/h5><div class=\"special-heading-border\"><div class=\"special-heading-inner-border\"><\/div><\/div><\/div>\n\n<style type=\"text\/css\" data-created_by=\"avia_inline_auto\" id=\"style-css-av-kcpsowot-457557e3eabfb5cf2ffc389e14f6c452\">\n#top .hr.hr-invisible.av-kcpsowot-457557e3eabfb5cf2ffc389e14f6c452{\nheight:50px;\n}\n<\/style>\n<div  class='hr av-kcpsowot-457557e3eabfb5cf2ffc389e14f6c452 hr-invisible  avia-builder-el-2  el_after_av_heading  el_before_av_textblock '><span class='hr-inner '><span class=\"hr-inner-style\"><\/span><\/span><\/div>\n<section  class='av_textblock_section av-kcpspez9-61f64ec019de8e78a6e479ca4a2e9ee2 '   itemscope=\"itemscope\" itemtype=\"https:\/\/schema.org\/BlogPosting\" itemprop=\"blogPost\" ><div class='avia_textblock'  itemprop=\"text\" ><div class=\"teaser\">\n<p>Wir werden am 24. Dezember sicher <strong>nicht<\/strong> wie gewohnt in unseren katholischen und evangelischen Kirchen in Erkrath, Unterfeldhaus und Unterbach feiern k\u00f6nnen.<br \/>\nDaher wollen wir erstmals gemeinsam, \u00f6kumenisch am Heiligen Abend, 24. Dezember drei Open-Air-Gottesdienste feiern von jeweils 30 Minuten, f\u00fcr ganz Erkrath, Unterfeldhaus und Unterbach unter der Markthalle in Erkrath:<br \/>\n<strong><br \/>\n15:00 Uhr Familiengottesdienst<br \/>\n16:00 Uhr Christvesper<br \/>\n17:00 Uhr Open Christmas<\/strong><\/p>\n<p>Eine Anmeldung zur Mitfeiercder Gottesdienste unter der Markthalle ist bis zum 21. Dezember erforderlich per Email an<\/p>\n<p><a href=\"mailto:buero@kk-eu.de\">buero@kk-eu.de<\/a> oder <a href=\"mailto:gemeindebuero.erkrath@ekir.de\">gemeindebuero.erkrath@ekir.de<\/a>.<\/p>\n<p><strong>Wir ben\u00f6tigen von jeder angemeldeten Person den Vor- und Nachnamen, die Anschrift und Telefonnummer.<\/strong><\/p>\n<p>Die Informationen, wie Sie an Ihre Zugangsberechtigung f\u00fcr den Gottesdienst kommen, erhalten Sie mit der Best\u00e4tigung Ihrer Anmeldung. Sollten wir mehr Anmeldungen als Pl\u00e4tze erhalten, werden wir eine Warteliste einrichten.<br \/>\n<strong><br \/>\nUm 18:00 Uhr<\/strong> l\u00e4uten alle Kirchenglocken 5 Minuten lang \u2013 und alle Erkrather*innen, Unterfeldhauser*innen und Unterbacher*innen singen im Anschluss an das Glockenl\u00e4uten aus ihren Fenstern, von ihren Balkonen, vor ihren Haust\u00fcren (mit dem notwendigem Abstand) \u201eO du fr\u00f6hliche\u201c und \u201eStille Nacht\u201c.<\/p>\n<\/div>\n<\/div><\/section>\n<div  class='hr av-1d5edu8-4680c7cf2d17e21edcf8c50de613eb1b hr-default  avia-builder-el-4  el_after_av_textblock  avia-builder-el-last '><span class='hr-inner '><span class=\"hr-inner-style\"><\/span><\/span><\/div>\n","protected":false},"excerpt":{"rendered":"","protected":false},"author":3,"featured_media":13493,"comment_status":"closed","ping_status":"closed","sticky":false,"template":"","format":"standard","meta":{"footnotes":""},"categories":[2,21,32],"tags":[],"class_list":["post-13486","post","type-post","status-publish","format-standard","has-post-thumbnail","hentry","category-evangelischinerkrath","category-familien","category-oekumene"],"_links":{"self":[{"href":"https:\/\/erkrath.ekir.de\/index.php?rest_route=\/wp\/v2\/posts\/13486","targetHints":{"allow":["GET"]}}],"collection":[{"href":"https:\/\/erkrath.ekir.de\/index.php?rest_route=\/wp\/v2\/posts"}],"about":[{"href":"https:\/\/erkrath.ekir.de\/index.php?rest_route=\/wp\/v2\/types\/post"}],"author":[{"embeddable":true,"href":"https:\/\/erkrath.ekir.de\/index.php?rest_route=\/wp\/v2\/users\/3"}],"replies":[{"embeddable":true,"href":"https:\/\/erkrath.ekir.de\/index.php?rest_route=%2Fwp%2Fv2%2Fcomments&post=13486"}],"version-history":[{"count":0,"href":"https:\/\/erkrath.ekir.de\/index.php?rest_route=\/wp\/v2\/posts\/13486\/revisions"}],"wp:featuredmedia":[{"embeddable":true,"href":"https:\/\/erkrath.ekir.de\/index.php?rest_route=\/wp\/v2\/media\/13493"}],"wp:attachment":[{"href":"https:\/\/erkrath.ekir.de\/index.php?rest_route=%2Fwp%2Fv2%2Fmedia&parent=13486"}],"wp:term":[{"taxonomy":"category","embeddable":true,"href":"https:\/\/erkrath.ekir.de\/index.php?rest_route=%2Fwp%2Fv2%2Fcategories&post=13486"},{"taxonomy":"post_tag","embeddable":true,"href":"https:\/\/erkrath.ekir.de\/index.php?rest_route=%2Fwp%2Fv2%2Ftags&post=13486"}],"curies":[{"name":"wp","href":"https:\/\/api.w.org\/{rel}","templated":true}]}}