{"id":13592,"date":"2020-12-23T19:05:01","date_gmt":"2020-12-23T18:05:01","guid":{"rendered":"https:\/\/erkrath.ekir.de\/?p=13592"},"modified":"2020-12-24T12:54:47","modified_gmt":"2020-12-24T11:54:47","slug":"heiligabend-im-netz","status":"publish","type":"post","link":"https:\/\/erkrath.ekir.de\/?p=13592","title":{"rendered":"Heiligabend im Netz"},"content":{"rendered":"<div  class='avia-slideshow av-29liuq8-fe3f771fe22c81d022d492b9022b4354 avia-slideshow-featured av_slideshow avia-slide-slider  avia-builder-el-0  el_before_av_heading  avia-builder-el-first  av-slideshow-ui av-control-default av-slideshow-manual av-loop-once av-loop-manual-endless av-default-height-applied avia-slideshow-1' data-slideshow-options=\"{&quot;animation&quot;:&quot;slide&quot;,&quot;autoplay&quot;:false,&quot;loop_autoplay&quot;:&quot;once&quot;,&quot;interval&quot;:5,&quot;loop_manual&quot;:&quot;manual-endless&quot;,&quot;autoplay_stopper&quot;:false,&quot;noNavigation&quot;:false,&quot;bg_slider&quot;:false,&quot;keep_padding&quot;:false,&quot;hoverpause&quot;:false,&quot;show_slide_delay&quot;:0}\"  itemprop=\"image\" itemscope=\"itemscope\" itemtype=\"https:\/\/schema.org\/ImageObject\" ><ul class='avia-slideshow-inner ' style='padding-bottom: 53.952321204517%;'><li  class='avia-slideshow-slide av-29liuq8-fe3f771fe22c81d022d492b9022b4354__0  av-single-slide slide-1 slide-odd'><div data-rel='slideshow-1' class='avia-slide-wrap '   ><img decoding=\"async\" fetchpriority=\"high\" class=\"wp-image-13493 avia-img-lazy-loading-not-13493\"  src=\"https:\/\/erkrath.ekir.de\/wp-content\/uploads\/2020\/12\/weihnachten-797x430.jpg\" width=\"797\" height=\"430\" title='weihnachten' alt=''  itemprop=\"thumbnailUrl\"   \/><\/div><\/li><\/ul><\/div>\n\n<style type=\"text\/css\" data-created_by=\"avia_inline_auto\" id=\"style-css-av-av_heading-9a063a754e29d206ee2ab8f7dfdb165e\">\n#top .av-special-heading.av-av_heading-9a063a754e29d206ee2ab8f7dfdb165e{\npadding-bottom:10px;\n}\nbody .av-special-heading.av-av_heading-9a063a754e29d206ee2ab8f7dfdb165e .av-special-heading-tag .heading-char{\nfont-size:25px;\n}\n.av-special-heading.av-av_heading-9a063a754e29d206ee2ab8f7dfdb165e .av-subheading{\nfont-size:15px;\n}\n<\/style>\n<div  class='av-special-heading av-av_heading-9a063a754e29d206ee2ab8f7dfdb165e av-special-heading-h5 blockquote modern-quote  avia-builder-el-1  el_after_av_slideshow  el_before_av_hr '><h5 class='av-special-heading-tag '  itemprop=\"headline\"  >Heiligabend im Netz<\/h5><div class=\"special-heading-border\"><div class=\"special-heading-inner-border\"><\/div><\/div><\/div>\n\n<style type=\"text\/css\" data-created_by=\"avia_inline_auto\" id=\"style-css-av-kcpsowot-457557e3eabfb5cf2ffc389e14f6c452\">\n#top .hr.hr-invisible.av-kcpsowot-457557e3eabfb5cf2ffc389e14f6c452{\nheight:50px;\n}\n<\/style>\n<div  class='hr av-kcpsowot-457557e3eabfb5cf2ffc389e14f6c452 hr-invisible  avia-builder-el-2  el_after_av_heading  el_before_av_textblock '><span class='hr-inner '><span class=\"hr-inner-style\"><\/span><\/span><\/div>\n<section  class='av_textblock_section av-kcpspez9-61f64ec019de8e78a6e479ca4a2e9ee2 '   itemscope=\"itemscope\" itemtype=\"https:\/\/schema.org\/BlogPosting\" itemprop=\"blogPost\" ><div class='avia_textblock'  itemprop=\"text\" ><div class=\"teaser\">\n<p>Wie schon angek\u00fcndigt, wird es in diesem Jahr keine Pr\u00e4senzgottesdienste zu Weihnachten geben. Daf\u00fcr gibt es hier gleich 3 M\u00f6glichkeiten, Weihnachten mit Ihrer evangelischen Kirche aus Erkrath zu feiern.<\/p>\n<p><br class=\"avia-permanent-lb\" \/>Hier finden Sie am 24.12.2020 ab 16:00 Uhr den \u00f6kumenischen Gottesdienst der Erkrather Kirchengemeinden:<\/p>\n<p><code><iframe loading=\"lazy\" src=\"https:\/\/www.youtube-nocookie.com\/embed\/6jH8VVNwTkM\" width=\"560\" height=\"315\" frameborder=\"0\" allowfullscreen=\"allowfullscreen\"><\/iframe><\/code><\/p>\n<p><br class=\"avia-permanent-lb\" \/>Hier finden Sie am 24.12.2020 ab 08:00 Uhr den ev. Familiengottesdienst aus Unterbach:<br \/>\n<code><iframe loading=\"lazy\" src=\"https:\/\/www.youtube-nocookie.com\/embed\/G4Emand3XLc\" width=\"560\" height=\"315\" frameborder=\"0\" allowfullscreen=\"allowfullscreen\"><\/iframe><\/code><\/p>\n<p><br class=\"avia-permanent-lb\" \/>Hier finden Sie am 24.12.2020 ab 10:00 Uhr das Krippenspiel des FAMGO-Teams Erkrath:<\/p>\n<p><code> <iframe loading=\"lazy\" src=\"https:\/\/www.youtube-nocookie.com\/embed\/EwLu4ROuAuk\" width=\"560\" height=\"315\" frameborder=\"0\" allowfullscreen=\"allowfullscreen\"><\/iframe><\/code><\/p>\n<p>Auf der Seite <a href=\"http:\/\/www.famgo-erkrath.de\" target=\"neu\" rel=\"noopener\">www.famgo-erkrath.de<\/a> finden Sie weiteren Infromationen zu Aktionen rund um die Alt-Erkrather Kirche, sowie eine Andacht mit Musik zum zu Hause feiern.<\/p>\n<p><br class=\"avia-permanent-lb\" \/>Um <strong>18:00 Uhr<\/strong> l\u00e4uten die evangelischen und katholischen Kirchenglocken 5 Minuten lang \u2013 und alle Erkrather*innen, Unterfeldhauser*innen und Unterbacher*innen sind eingeladen, im Anschluss an das Glockenl\u00e4uten aus ihren Fenstern, von ihren Balkonen, vor ihren Haust\u00fcren (mit dem notwendigen Abstand) \u201e<strong>O du fr\u00f6hliche<\/strong>\u201c und \u201e<strong>Stille Nacht<\/strong>\u201c zu singen.<\/p>\n<div class=\"teaser\">\n<table border=\"1\" width=\"60%\" align=\"center\">\n<tbody>\n<tr>\n<td>1.<strong>Stille Nacht, <\/strong>heilige Nacht! Alles schl\u00e4ft, einsam wacht nur das traute, hochheilige Paar. Holder Knabe im lockigen Haar, schlaf in himmlischer Ruh, schlaf in himmlischer Ruh.<\/p>\n<p>2. Stille Nacht, heilige Nacht! Hirten erst kundgemacht, durch der Engel Halleluja t\u00f6nt es laut von fern und nah: Christ, der Retter, ist da, Christ, der Retter, ist da!<\/p>\n<p>3. Stille Nacht, heilige Nacht! Gottes Sohn, o wie lacht Lieb aus deinem g\u00f6ttlichen Mund, da uns schl\u00e4gt die rettende Stund, Christ, in deiner Geburt, Christ, in deiner Geburt<\/td>\n<td>1. <strong>O du fr\u00f6hliche<\/strong>, o du selige, gnadenbringende Weihnachtszeit! Welt ging verloren, Christ ist geboren: Freue, freue dich, o Christenheit!<\/p>\n<p>2. O du fr\u00f6hliche, o du selige, gnadenbringende Weihnachtszeit! Christ ist erschienen, uns zu vers\u00fchnen: Freue, freue dich, o Christenheit!<\/p>\n<p>3. O du fr\u00f6hliche, o du selige, gnadenbringende Weihnachtszeit! Himmlische Heere jauchzen dir Ehre: Freue, freue dich, o Christenheit<\/td>\n<\/tr>\n<\/tbody>\n<\/table>\n<p>Frohe Weihnachten!<\/p>\n<\/div>\n<\/div>\n<\/div><\/section>\n<div  class='hr av-1d5edu8-4680c7cf2d17e21edcf8c50de613eb1b hr-default  avia-builder-el-4  el_after_av_textblock  avia-builder-el-last '><span class='hr-inner '><span class=\"hr-inner-style\"><\/span><\/span><\/div>\n","protected":false},"excerpt":{"rendered":"","protected":false},"author":3,"featured_media":13493,"comment_status":"closed","ping_status":"closed","sticky":false,"template":"","format":"standard","meta":{"footnotes":""},"categories":[2],"tags":[],"class_list":["post-13592","post","type-post","status-publish","format-standard","has-post-thumbnail","hentry","category-evangelischinerkrath"],"_links":{"self":[{"href":"https:\/\/erkrath.ekir.de\/index.php?rest_route=\/wp\/v2\/posts\/13592","targetHints":{"allow":["GET"]}}],"collection":[{"href":"https:\/\/erkrath.ekir.de\/index.php?rest_route=\/wp\/v2\/posts"}],"about":[{"href":"https:\/\/erkrath.ekir.de\/index.php?rest_route=\/wp\/v2\/types\/post"}],"author":[{"embeddable":true,"href":"https:\/\/erkrath.ekir.de\/index.php?rest_route=\/wp\/v2\/users\/3"}],"replies":[{"embeddable":true,"href":"https:\/\/erkrath.ekir.de\/index.php?rest_route=%2Fwp%2Fv2%2Fcomments&post=13592"}],"version-history":[{"count":0,"href":"https:\/\/erkrath.ekir.de\/index.php?rest_route=\/wp\/v2\/posts\/13592\/revisions"}],"wp:featuredmedia":[{"embeddable":true,"href":"https:\/\/erkrath.ekir.de\/index.php?rest_route=\/wp\/v2\/media\/13493"}],"wp:attachment":[{"href":"https:\/\/erkrath.ekir.de\/index.php?rest_route=%2Fwp%2Fv2%2Fmedia&parent=13592"}],"wp:term":[{"taxonomy":"category","embeddable":true,"href":"https:\/\/erkrath.ekir.de\/index.php?rest_route=%2Fwp%2Fv2%2Fcategories&post=13592"},{"taxonomy":"post_tag","embeddable":true,"href":"https:\/\/erkrath.ekir.de\/index.php?rest_route=%2Fwp%2Fv2%2Ftags&post=13592"}],"curies":[{"name":"wp","href":"https:\/\/api.w.org\/{rel}","templated":true}]}}