{"id":13626,"date":"2020-12-27T13:17:35","date_gmt":"2020-12-27T12:17:35","guid":{"rendered":"https:\/\/erkrath.ekir.de\/?p=13626"},"modified":"2020-12-27T13:18:04","modified_gmt":"2020-12-27T12:18:04","slug":"kirche-geht-neue-wege","status":"publish","type":"post","link":"https:\/\/erkrath.ekir.de\/?p=13626","title":{"rendered":"Kirche geht neue Wege"},"content":{"rendered":"\n<style type=\"text\/css\" data-created_by=\"avia_inline_auto\" id=\"style-css-av-av_heading-1edc92ffb68b522ebaefec438bebd7dc\">\n#top .av-special-heading.av-av_heading-1edc92ffb68b522ebaefec438bebd7dc{\npadding-bottom:10px;\n}\nbody .av-special-heading.av-av_heading-1edc92ffb68b522ebaefec438bebd7dc .av-special-heading-tag .heading-char{\nfont-size:25px;\n}\n.av-special-heading.av-av_heading-1edc92ffb68b522ebaefec438bebd7dc .av-subheading{\nfont-size:15px;\n}\n<\/style>\n<div  class='av-special-heading av-av_heading-1edc92ffb68b522ebaefec438bebd7dc av-special-heading-h5 blockquote modern-quote  avia-builder-el-0  el_before_av_one_half  avia-builder-el-first '><h5 class='av-special-heading-tag '  itemprop=\"headline\"  >Online-Gottesdienste an Heiligabend<\/h5><div class=\"special-heading-border\"><div class=\"special-heading-inner-border\"><\/div><\/div><\/div>\n\n<style type=\"text\/css\" data-created_by=\"avia_inline_auto\" id=\"style-css-av-1lamenu-8721e4f07fc514a16b9312ef6a84b63d\">\n.flex_column.av-1lamenu-8721e4f07fc514a16b9312ef6a84b63d{\nborder-radius:0px 0px 0px 0px;\npadding:0px 0px 0px 0px;\n}\n<\/style>\n<div  class='flex_column av-1lamenu-8721e4f07fc514a16b9312ef6a84b63d av_one_half  avia-builder-el-1  el_after_av_heading  el_before_av_one_half  first flex_column_div av-zero-column-padding  '     ><p>\n<style type=\"text\/css\" data-created_by=\"avia_inline_auto\" id=\"style-css-av-kdx1fn3w-3d427d399723e8ae93d92ed412f13893\">\n#top .hr.hr-invisible.av-kdx1fn3w-3d427d399723e8ae93d92ed412f13893{\nheight:50px;\n}\n<\/style>\n<div  class='hr av-kdx1fn3w-3d427d399723e8ae93d92ed412f13893 hr-invisible  avia-builder-el-2  el_before_av_slideshow  avia-builder-el-first '><span class='hr-inner '><span class=\"hr-inner-style\"><\/span><\/span><\/div><br \/>\n<div  class='avia-slideshow av-37af3li-1b44d090f897ec7aa4d0f1a40688b3ba avia-slideshow-extra_large av_slideshow avia-slide-slider  avia-builder-el-3  el_after_av_hr  avia-builder-el-last  av-slideshow-ui av-control-default av-slideshow-manual av-loop-once av-loop-manual-endless av-default-height-applied avia-slideshow-1' data-slideshow-options=\"{&quot;animation&quot;:&quot;slide&quot;,&quot;autoplay&quot;:false,&quot;loop_autoplay&quot;:&quot;once&quot;,&quot;interval&quot;:5,&quot;loop_manual&quot;:&quot;manual-endless&quot;,&quot;autoplay_stopper&quot;:false,&quot;noNavigation&quot;:false,&quot;bg_slider&quot;:false,&quot;keep_padding&quot;:false,&quot;hoverpause&quot;:false,&quot;show_slide_delay&quot;:0}\"  itemprop=\"image\" itemscope=\"itemscope\" itemtype=\"https:\/\/schema.org\/ImageObject\" ><ul class='avia-slideshow-inner ' style='padding-bottom: 55.4%;'><li  class='avia-slideshow-slide av-37af3li-1b44d090f897ec7aa4d0f1a40688b3ba__0  av-single-slide slide-1 slide-odd'><div data-rel='slideshow-1' class='avia-slide-wrap '   ><img decoding=\"async\" fetchpriority=\"high\" class=\"wp-image-13627 avia-img-lazy-loading-not-13627\"  src=\"https:\/\/erkrath.ekir.de\/wp-content\/uploads\/2020\/12\/w1900_h1052_x1137_y760_IMG_7103-385110efa1b8ce0c-1500x831.jpg\" width=\"1500\" height=\"831\" title='w1900_h1052_x1137_y760_IMG_7103-385110efa1b8ce0c' alt=''  itemprop=\"thumbnailUrl\" srcset=\"https:\/\/erkrath.ekir.de\/wp-content\/uploads\/2020\/12\/w1900_h1052_x1137_y760_IMG_7103-385110efa1b8ce0c-1500x831.jpg 1500w, https:\/\/erkrath.ekir.de\/wp-content\/uploads\/2020\/12\/w1900_h1052_x1137_y760_IMG_7103-385110efa1b8ce0c-300x166.jpg 300w, https:\/\/erkrath.ekir.de\/wp-content\/uploads\/2020\/12\/w1900_h1052_x1137_y760_IMG_7103-385110efa1b8ce0c-1030x570.jpg 1030w, https:\/\/erkrath.ekir.de\/wp-content\/uploads\/2020\/12\/w1900_h1052_x1137_y760_IMG_7103-385110efa1b8ce0c-768x425.jpg 768w, https:\/\/erkrath.ekir.de\/wp-content\/uploads\/2020\/12\/w1900_h1052_x1137_y760_IMG_7103-385110efa1b8ce0c-1536x850.jpg 1536w, https:\/\/erkrath.ekir.de\/wp-content\/uploads\/2020\/12\/w1900_h1052_x1137_y760_IMG_7103-385110efa1b8ce0c-705x390.jpg 705w, https:\/\/erkrath.ekir.de\/wp-content\/uploads\/2020\/12\/w1900_h1052_x1137_y760_IMG_7103-385110efa1b8ce0c.jpg 1600w\" sizes=\"(max-width: 1500px) 100vw, 1500px\" \/><\/div><\/li><\/ul><\/div><\/p><\/div>\n<style type=\"text\/css\" data-created_by=\"avia_inline_auto\" id=\"style-css-av-l7p062-9c8a8df7b7737920e7709b09a3728611\">\n.flex_column.av-l7p062-9c8a8df7b7737920e7709b09a3728611{\nborder-radius:0px 0px 0px 0px;\npadding:0px 0px 0px 0px;\n}\n<\/style>\n<div  class='flex_column av-l7p062-9c8a8df7b7737920e7709b09a3728611 av_one_half  avia-builder-el-4  el_after_av_one_half  el_before_av_hr  flex_column_div av-zero-column-padding  '     ><section  class='av_textblock_section av-1maei0m-5f51d9acd063e72f23d712faa821c925 '   itemscope=\"itemscope\" itemtype=\"https:\/\/schema.org\/BlogPosting\" itemprop=\"blogPost\" ><div class='avia_textblock'  itemprop=\"text\" ><header class=\"entry-header\"><\/header>\n<div class=\"excerpt\">\n<p>Der Lokalanzeiger Erkrath berichtet (Text: nic)<\/p>\n<p><em class=\"park-article__dateline\">Unterbach\/Alt-Erkrath<\/em> Die Evangelische Kirche Erkrath geht in Zeiten von Corona neue Wege und so haben Kinder der M\u00e4dchengruppe der Gemeinde den Online-Familiengottesdienst an Heilig Abend selbst mitgestaltet.<\/p>\n<div class=\"park-article-content\">\n<p class=\"text\">Gemeinsam mit Pfarrerin Gisela Kuhn begleiten sechs junge M\u00e4dchen die Liturgie des Gottesdienstes. Musikalisch begleitet werden sie dabei von Tanja Kiselev an der Orgel und am Klavier. Gedreht wurde alles in der Paul-Gerhardt-Kirche in Unterbach.<\/p>\n<\/div>\n<div class=\"park-article-content\">\n<p class=\"text\">Hinter der Kamera: Bj\u00f6rn Seyfarth, der gemeinsam mit Regina Weber das Film-Material am Ende geschnitten und vertont hat. \u201eWeihnachten ist in diesem Jahr anders, aber das bedeutet ja nicht automatisch, dass es auch schlechter sein muss\u201c, sagt uns Jugendgruppen-Leiterin Nicole F\u00f6rster, die das Projekt \u201eOnline-Gottesdienst\u201c organisiert hat. \u201eMit unserem Online-Gottedienst haben wir die M\u00f6glichkeit, trotz versch\u00e4rfter Corona-Regeln, mit den Menschen in Kontakt zu kommen und das direkt im heimischen Wohnzimmer.\u201c<\/p>\n<div class=\"park-article-content\">\n<p class=\"text\">Auf diese Weise bringt das Gottesdienst-Team ein St\u00fcck Weihnachten, W\u00e4rme und Liebe auf einem neuen Weg zu den Menschen. Neue Wege, die vermutlich f\u00fcr die Zukunft etwas Wegweisendes haben.<\/p>\n<\/div>\n<div class=\"park-article-content\">\n<p class=\"text\">Wer sich den Online-Familiengottesdienst anschauen m\u00f6chte, klickt einfach auf die Webseite der Evangelischen Kirchengemeinde. Dort findet er einen Link, der zum Video f\u00fchrt.<\/p>\n<\/div>\n<div class=\"park-article-content\">\n<p class=\"text\">Mehr Infos auf www.evangelische-kirche-erkrath.de. Dort findet man auch den Link zum \u00d6kumenischen Gottesdienst zu Heilig Abend.<\/p>\n<p>(nic)<\/p>\n<\/div>\n<\/div>\n<\/div>\n<\/div><\/section><\/div><\/p>\n\n<style type=\"text\/css\" data-created_by=\"avia_inline_auto\" id=\"style-css-av-kdx1fn3w-3d427d399723e8ae93d92ed412f13893\">\n#top .hr.hr-invisible.av-kdx1fn3w-3d427d399723e8ae93d92ed412f13893{\nheight:50px;\n}\n<\/style>\n<div  class='hr av-kdx1fn3w-3d427d399723e8ae93d92ed412f13893 hr-invisible  avia-builder-el-6  el_after_av_one_half  avia-builder-el-last '><span class='hr-inner '><span class=\"hr-inner-style\"><\/span><\/span><\/div>\n","protected":false},"excerpt":{"rendered":"","protected":false},"author":2,"featured_media":13627,"comment_status":"open","ping_status":"open","sticky":false,"template":"","format":"standard","meta":{"footnotes":""},"categories":[2,10],"tags":[],"class_list":["post-13626","post","type-post","status-publish","format-standard","has-post-thumbnail","hentry","category-evangelischinerkrath","category-presse-und-nachrichten"],"_links":{"self":[{"href":"https:\/\/erkrath.ekir.de\/index.php?rest_route=\/wp\/v2\/posts\/13626","targetHints":{"allow":["GET"]}}],"collection":[{"href":"https:\/\/erkrath.ekir.de\/index.php?rest_route=\/wp\/v2\/posts"}],"about":[{"href":"https:\/\/erkrath.ekir.de\/index.php?rest_route=\/wp\/v2\/types\/post"}],"author":[{"embeddable":true,"href":"https:\/\/erkrath.ekir.de\/index.php?rest_route=\/wp\/v2\/users\/2"}],"replies":[{"embeddable":true,"href":"https:\/\/erkrath.ekir.de\/index.php?rest_route=%2Fwp%2Fv2%2Fcomments&post=13626"}],"version-history":[{"count":0,"href":"https:\/\/erkrath.ekir.de\/index.php?rest_route=\/wp\/v2\/posts\/13626\/revisions"}],"wp:featuredmedia":[{"embeddable":true,"href":"https:\/\/erkrath.ekir.de\/index.php?rest_route=\/wp\/v2\/media\/13627"}],"wp:attachment":[{"href":"https:\/\/erkrath.ekir.de\/index.php?rest_route=%2Fwp%2Fv2%2Fmedia&parent=13626"}],"wp:term":[{"taxonomy":"category","embeddable":true,"href":"https:\/\/erkrath.ekir.de\/index.php?rest_route=%2Fwp%2Fv2%2Fcategories&post=13626"},{"taxonomy":"post_tag","embeddable":true,"href":"https:\/\/erkrath.ekir.de\/index.php?rest_route=%2Fwp%2Fv2%2Ftags&post=13626"}],"curies":[{"name":"wp","href":"https:\/\/api.w.org\/{rel}","templated":true}]}}