{"id":13852,"date":"2021-01-07T21:47:07","date_gmt":"2021-01-07T20:47:07","guid":{"rendered":"https:\/\/erkrath.ekir.de\/?p=13852"},"modified":"2021-01-07T21:48:29","modified_gmt":"2021-01-07T20:48:29","slug":"typisch-protestantisch-die-konfirmation","status":"publish","type":"post","link":"https:\/\/erkrath.ekir.de\/?p=13852","title":{"rendered":"Typisch protestantisch: Die Konfirmation"},"content":{"rendered":"\n<style type=\"text\/css\" data-created_by=\"avia_inline_auto\" id=\"style-css-av-av_heading-728ee597c7a9f7eade75a713bf7a85cb\">\n#top .av-special-heading.av-av_heading-728ee597c7a9f7eade75a713bf7a85cb{\npadding-bottom:10px;\n}\nbody .av-special-heading.av-av_heading-728ee597c7a9f7eade75a713bf7a85cb .av-special-heading-tag .heading-char{\nfont-size:25px;\n}\n.av-special-heading.av-av_heading-728ee597c7a9f7eade75a713bf7a85cb .av-subheading{\nfont-size:15px;\n}\n<\/style>\n<div  class='av-special-heading av-av_heading-728ee597c7a9f7eade75a713bf7a85cb av-special-heading-h3 blockquote modern-quote modern-centered  avia-builder-el-0  el_before_av_hr  avia-builder-el-first '><h3 class='av-special-heading-tag '  itemprop=\"headline\"  >Typisch protestantisch: Die Konfirmation<\/h3><div class=\"special-heading-border\"><div class=\"special-heading-inner-border\"><\/div><\/div><\/div>\n\n<style type=\"text\/css\" data-created_by=\"avia_inline_auto\" id=\"style-css-av-kjmt488r-006eefab3f6c1a0f3c6c1ad906d37ddf\">\n#top .hr.hr-invisible.av-kjmt488r-006eefab3f6c1a0f3c6c1ad906d37ddf{\nheight:50px;\n}\n<\/style>\n<div  class='hr av-kjmt488r-006eefab3f6c1a0f3c6c1ad906d37ddf hr-invisible  avia-builder-el-1  el_after_av_heading  el_before_av_one_half '><span class='hr-inner '><span class=\"hr-inner-style\"><\/span><\/span><\/div>\n\n<style type=\"text\/css\" data-created_by=\"avia_inline_auto\" id=\"style-css-av-142ptk4-5a3d6c5b46b94ff8156a93d5285f65e1\">\n.flex_column.av-142ptk4-5a3d6c5b46b94ff8156a93d5285f65e1{\nborder-radius:0px 0px 0px 0px;\npadding:0px 0px 0px 0px;\n}\n<\/style>\n<div  class='flex_column av-142ptk4-5a3d6c5b46b94ff8156a93d5285f65e1 av_one_half  avia-builder-el-2  el_after_av_hr  el_before_av_one_half  first flex_column_div av-zero-column-padding  '     ><p>\n<style type=\"text\/css\" data-created_by=\"avia_inline_auto\" id=\"style-css-av-kjmt488r-c81e00b13a10f53b7b74c52d5199cc93\">\n#top .hr.hr-invisible.av-kjmt488r-c81e00b13a10f53b7b74c52d5199cc93{\nheight:10px;\n}\n<\/style>\n<div  class='hr av-kjmt488r-c81e00b13a10f53b7b74c52d5199cc93 hr-invisible  avia-builder-el-3  el_before_av_gallery  avia-builder-el-first '><span class='hr-inner '><span class=\"hr-inner-style\"><\/span><\/span><\/div><br \/>\n\n<style type=\"text\/css\" data-created_by=\"avia_inline_auto\" id=\"style-css-av-2815338-d07146887231a74d3e60de22e205e6ef\">\n#top .avia-gallery.av-2815338-d07146887231a74d3e60de22e205e6ef .avia-gallery-thumb a{\nwidth:20%;\n}\n<\/style>\n<div  class='avia-gallery av-2815338-d07146887231a74d3e60de22e205e6ef avia_animate_when_visible  avia-builder-el-4  el_after_av_hr  avia-builder-el-last  av-hide-gallery-thumbs deactivate_avia_lazyload av-slideshow-ui av-loop-manual-endless av-control-hidden av-navigate-arrows av-navigate-dots hover-effect av-control-hidden avia-gallery-animate avia-gallery-1'  itemprop=\"image\" itemscope=\"itemscope\" itemtype=\"https:\/\/schema.org\/ImageObject\" ><meta itemprop=\"contentURL\" content=\"https:\/\/erkrath.ekir.de\/?p=13852\"><div class='avia-gallery-big-wrapper'><a class='avia-gallery-big fakeLightbox lightbox avia-gallery-big-crop-thumb ' href=\"https:\/\/erkrath.ekir.de\/wp-content\/uploads\/2021\/01\/Konfirmation-1030x579.jpg\" data-srcset=\"https:\/\/erkrath.ekir.de\/wp-content\/uploads\/2021\/01\/Konfirmation-1030x579.jpg 1030w, https:\/\/erkrath.ekir.de\/wp-content\/uploads\/2021\/01\/Konfirmation-300x169.jpg 300w, https:\/\/erkrath.ekir.de\/wp-content\/uploads\/2021\/01\/Konfirmation-768x432.jpg 768w, https:\/\/erkrath.ekir.de\/wp-content\/uploads\/2021\/01\/Konfirmation-1536x864.jpg 1536w, https:\/\/erkrath.ekir.de\/wp-content\/uploads\/2021\/01\/Konfirmation-2048x1152.jpg 2048w, https:\/\/erkrath.ekir.de\/wp-content\/uploads\/2021\/01\/Konfirmation-1500x844.jpg 1500w, https:\/\/erkrath.ekir.de\/wp-content\/uploads\/2021\/01\/Konfirmation-705x397.jpg 705w, https:\/\/erkrath.ekir.de\/wp-content\/uploads\/2021\/01\/Konfirmation-scaled.jpg 1600w\" data-sizes=\"(max-width: 1030px) 100vw, 1030px\"  data-onclick='1' title='Gisela Kuhn' ><span class='avia-gallery-big-inner'  itemprop=\"thumbnailUrl\" ><img decoding=\"async\" fetchpriority=\"high\" class=\"wp-image-13844 avia-img-lazy-loading-not-13844\"  width=\"1500\" height=\"844\" src=\"https:\/\/erkrath.ekir.de\/wp-content\/uploads\/2021\/01\/Konfirmation-1500x844.jpg\" title='Konfirmation' alt='' srcset=\"https:\/\/erkrath.ekir.de\/wp-content\/uploads\/2021\/01\/Konfirmation-1500x844.jpg 1500w, https:\/\/erkrath.ekir.de\/wp-content\/uploads\/2021\/01\/Konfirmation-300x169.jpg 300w, https:\/\/erkrath.ekir.de\/wp-content\/uploads\/2021\/01\/Konfirmation-1030x579.jpg 1030w, https:\/\/erkrath.ekir.de\/wp-content\/uploads\/2021\/01\/Konfirmation-768x432.jpg 768w, https:\/\/erkrath.ekir.de\/wp-content\/uploads\/2021\/01\/Konfirmation-1536x864.jpg 1536w, https:\/\/erkrath.ekir.de\/wp-content\/uploads\/2021\/01\/Konfirmation-2048x1152.jpg 2048w, https:\/\/erkrath.ekir.de\/wp-content\/uploads\/2021\/01\/Konfirmation-705x397.jpg 705w, https:\/\/erkrath.ekir.de\/wp-content\/uploads\/2021\/01\/Konfirmation-scaled.jpg 1600w\" sizes=\"(max-width: 1500px) 100vw, 1500px\" \/><span class='avia-gallery-caption'>Gisela Kuhn<\/span><\/span><\/a><\/div><div class='avia-gallery-thumb'><a href=\"https:\/\/erkrath.ekir.de\/wp-content\/uploads\/2021\/01\/Konfirmation-1030x579.jpg\" data-srcset=\"https:\/\/erkrath.ekir.de\/wp-content\/uploads\/2021\/01\/Konfirmation-1030x579.jpg 1030w, https:\/\/erkrath.ekir.de\/wp-content\/uploads\/2021\/01\/Konfirmation-300x169.jpg 300w, https:\/\/erkrath.ekir.de\/wp-content\/uploads\/2021\/01\/Konfirmation-768x432.jpg 768w, https:\/\/erkrath.ekir.de\/wp-content\/uploads\/2021\/01\/Konfirmation-1536x864.jpg 1536w, https:\/\/erkrath.ekir.de\/wp-content\/uploads\/2021\/01\/Konfirmation-2048x1152.jpg 2048w, https:\/\/erkrath.ekir.de\/wp-content\/uploads\/2021\/01\/Konfirmation-1500x844.jpg 1500w, https:\/\/erkrath.ekir.de\/wp-content\/uploads\/2021\/01\/Konfirmation-705x397.jpg 705w, https:\/\/erkrath.ekir.de\/wp-content\/uploads\/2021\/01\/Konfirmation-scaled.jpg 1600w\" data-sizes=\"(max-width: 1030px) 100vw, 1030px\" data-rel='gallery-1' data-prev-img='https:\/\/erkrath.ekir.de\/wp-content\/uploads\/2021\/01\/Konfirmation-1500x844.jpg' class='first_thumb lightbox  ' data-onclick='1' title='Gisela Kuhn'  itemprop=\"thumbnailUrl\"  ><img decoding=\"async\" fetchpriority=\"high\" class=\"wp-image-13844 avia-img-lazy-loading-not-13844\"  data-avia-tooltip='Gisela Kuhn' src=\"https:\/\/erkrath.ekir.de\/wp-content\/uploads\/2021\/01\/Konfirmation-495x400.jpg\" width=\"495\" height=\"400\"  title='Konfirmation' alt='' srcset=\"https:\/\/erkrath.ekir.de\/wp-content\/uploads\/2021\/01\/Konfirmation-495x400.jpg 495w, https:\/\/erkrath.ekir.de\/wp-content\/uploads\/2021\/01\/Konfirmation-845x684.jpg 845w\" sizes=\"(max-width: 495px) 100vw, 495px\" \/><div class='big-prev-fake'><img decoding=\"async\" loading=\"lazy\" class=\"wp-image-13844 avia-img-lazy-loading-13844\"  width=\"1500\" height=\"844\" src=\"https:\/\/erkrath.ekir.de\/wp-content\/uploads\/2021\/01\/Konfirmation-1500x844.jpg\" title='Konfirmation' alt='' srcset=\"https:\/\/erkrath.ekir.de\/wp-content\/uploads\/2021\/01\/Konfirmation-1500x844.jpg 1500w, https:\/\/erkrath.ekir.de\/wp-content\/uploads\/2021\/01\/Konfirmation-300x169.jpg 300w, https:\/\/erkrath.ekir.de\/wp-content\/uploads\/2021\/01\/Konfirmation-1030x579.jpg 1030w, https:\/\/erkrath.ekir.de\/wp-content\/uploads\/2021\/01\/Konfirmation-768x432.jpg 768w, https:\/\/erkrath.ekir.de\/wp-content\/uploads\/2021\/01\/Konfirmation-1536x864.jpg 1536w, https:\/\/erkrath.ekir.de\/wp-content\/uploads\/2021\/01\/Konfirmation-2048x1152.jpg 2048w, https:\/\/erkrath.ekir.de\/wp-content\/uploads\/2021\/01\/Konfirmation-705x397.jpg 705w, https:\/\/erkrath.ekir.de\/wp-content\/uploads\/2021\/01\/Konfirmation-scaled.jpg 1600w\" sizes=\"auto, (max-width: 1500px) 100vw, 1500px\" \/><\/div><\/a><\/div><\/div><\/p><\/div>\n<style type=\"text\/css\" data-created_by=\"avia_inline_auto\" id=\"style-css-av-jeuuck-9b8730f2bc4f828025b223713aac0533\">\n.flex_column.av-jeuuck-9b8730f2bc4f828025b223713aac0533{\nborder-radius:0px 0px 0px 0px;\npadding:0px 0px 0px 0px;\n}\n<\/style>\n<div  class='flex_column av-jeuuck-9b8730f2bc4f828025b223713aac0533 av_one_half  avia-builder-el-5  el_after_av_one_half  el_before_av_hr  flex_column_div av-zero-column-padding  '     ><section  class='av_textblock_section av-30qw0qs-e25913c0cc239e607f6034fed679788b '   itemscope=\"itemscope\" itemtype=\"https:\/\/schema.org\/BlogPosting\" itemprop=\"blogPost\" ><div class='avia_textblock'  itemprop=\"text\" ><p>Bei der Konfirmation bekr\u00e4ftigen Jugendliche, was ihre Eltern, Patinnen und Paten bei der Taufe im S\u00e4uglingsalter stellvertretend versprochen haben: ein Leben im christlichen Glauben zu f\u00fchren. Daher der Name: Konfirmation kommt vom lateinischen \u201econfirmare\u201c \u2013 \u201ebekr\u00e4ftigen\u201c.<\/p>\n<p>F\u00fcr die Zulassung zur Konfirmation ist das Presbyterium zust\u00e4ndig. Die Konfirmation wird h\u00e4ufig mit der katholischen Firmung verglichen. Die wurde von den Reformatoren als Sakrament allerdings abgelehnt. Mit der Konfirmation entstand in den Anfangsjahren der Reformation eine eigene protestantische Feier, bei der Jugendliche au\u00dferdem zum ersten Mal zum Abendmahl gingen. Sie war zugleich das Ende eines kirchlichen Unterrichts \u2013 mit Martin Luthers Kleinem Katechismus oder dem Heidelberger Katechismus als Lernstoff.<\/p>\n<p>Auch heute geht der Konfirmation noch eine Zeit der Vorbereitung voraus. Die evangelische Kirche spricht dabei jedoch inzwischen eher von Konfirmandenarbeit als von Unterricht. Evangelische Jugendliche nehmen in der Regel im 7. und 8. Schuljahr daran teil. Nach der Konfirmation k\u00f6nnen sie das Patenamt annehmen und die Gemeindeleitung \u2013 das Presbyterium \u2013 w\u00e4hlen.<\/p>\n<\/div><\/section><\/div><\/p>\n\n<style type=\"text\/css\" data-created_by=\"avia_inline_auto\" id=\"style-css-av-kdx1874v-b4658be726a9b86893e4e7dfe7ca2085\">\n#top .hr.hr-invisible.av-kdx1874v-b4658be726a9b86893e4e7dfe7ca2085{\nheight:50px;\n}\n<\/style>\n<div  class='hr av-kdx1874v-b4658be726a9b86893e4e7dfe7ca2085 hr-invisible  avia-builder-el-7  el_after_av_one_half  el_before_av_hr '><span class='hr-inner '><span class=\"hr-inner-style\"><\/span><\/span><\/div>\n\n<style type=\"text\/css\" data-created_by=\"avia_inline_auto\" id=\"style-css-av-kdx1874v-b4658be726a9b86893e4e7dfe7ca2085\">\n#top .hr.hr-invisible.av-kdx1874v-b4658be726a9b86893e4e7dfe7ca2085{\nheight:50px;\n}\n<\/style>\n<div  class='hr av-kdx1874v-b4658be726a9b86893e4e7dfe7ca2085 hr-invisible  avia-builder-el-8  el_after_av_hr  avia-builder-el-last '><span class='hr-inner '><span class=\"hr-inner-style\"><\/span><\/span><\/div>\n","protected":false},"excerpt":{"rendered":"","protected":false},"author":17,"featured_media":13844,"comment_status":"open","ping_status":"open","sticky":false,"template":"","format":"standard","meta":{"footnotes":""},"categories":[2,6],"tags":[],"class_list":["post-13852","post","type-post","status-publish","format-standard","has-post-thumbnail","hentry","category-evangelischinerkrath","category-kinder-konfirmation-jugend"],"_links":{"self":[{"href":"https:\/\/erkrath.ekir.de\/index.php?rest_route=\/wp\/v2\/posts\/13852","targetHints":{"allow":["GET"]}}],"collection":[{"href":"https:\/\/erkrath.ekir.de\/index.php?rest_route=\/wp\/v2\/posts"}],"about":[{"href":"https:\/\/erkrath.ekir.de\/index.php?rest_route=\/wp\/v2\/types\/post"}],"author":[{"embeddable":true,"href":"https:\/\/erkrath.ekir.de\/index.php?rest_route=\/wp\/v2\/users\/17"}],"replies":[{"embeddable":true,"href":"https:\/\/erkrath.ekir.de\/index.php?rest_route=%2Fwp%2Fv2%2Fcomments&post=13852"}],"version-history":[{"count":0,"href":"https:\/\/erkrath.ekir.de\/index.php?rest_route=\/wp\/v2\/posts\/13852\/revisions"}],"wp:featuredmedia":[{"embeddable":true,"href":"https:\/\/erkrath.ekir.de\/index.php?rest_route=\/wp\/v2\/media\/13844"}],"wp:attachment":[{"href":"https:\/\/erkrath.ekir.de\/index.php?rest_route=%2Fwp%2Fv2%2Fmedia&parent=13852"}],"wp:term":[{"taxonomy":"category","embeddable":true,"href":"https:\/\/erkrath.ekir.de\/index.php?rest_route=%2Fwp%2Fv2%2Fcategories&post=13852"},{"taxonomy":"post_tag","embeddable":true,"href":"https:\/\/erkrath.ekir.de\/index.php?rest_route=%2Fwp%2Fv2%2Ftags&post=13852"}],"curies":[{"name":"wp","href":"https:\/\/api.w.org\/{rel}","templated":true}]}}