{"id":14164,"date":"2021-01-24T12:03:09","date_gmt":"2021-01-24T11:03:09","guid":{"rendered":"https:\/\/erkrath.ekir.de\/?p=14164"},"modified":"2021-04-14T14:42:34","modified_gmt":"2021-04-14T12:42:34","slug":"gottesdienste-weiter-digital-statt-analog","status":"publish","type":"post","link":"https:\/\/erkrath.ekir.de\/?p=14164","title":{"rendered":"Keine Pr\u00e4senzveranstaltungen bis zum Ende des Lockdowns"},"content":{"rendered":"<div  class='avia-slideshow av-29liuq8-fe3f771fe22c81d022d492b9022b4354 avia-slideshow-featured av_slideshow avia-slide-slider  avia-builder-el-0  el_before_av_heading  avia-builder-el-first  av-slideshow-ui av-control-default av-slideshow-manual av-loop-once av-loop-manual-endless av-default-height-applied avia-slideshow-1' data-slideshow-options=\"{&quot;animation&quot;:&quot;slide&quot;,&quot;autoplay&quot;:false,&quot;loop_autoplay&quot;:&quot;once&quot;,&quot;interval&quot;:5,&quot;loop_manual&quot;:&quot;manual-endless&quot;,&quot;autoplay_stopper&quot;:false,&quot;noNavigation&quot;:false,&quot;bg_slider&quot;:false,&quot;keep_padding&quot;:false,&quot;hoverpause&quot;:false,&quot;show_slide_delay&quot;:0}\"  itemprop=\"image\" itemscope=\"itemscope\" itemtype=\"https:\/\/schema.org\/ImageObject\" ><ul class='avia-slideshow-inner ' style='padding-bottom: 71.666666666667%;'><li  class='avia-slideshow-slide av-29liuq8-fe3f771fe22c81d022d492b9022b4354__0  av-single-slide slide-1 slide-odd'><div data-rel='slideshow-1' class='avia-slide-wrap '   ><img decoding=\"async\" fetchpriority=\"high\" class=\"wp-image-13509 avia-img-lazy-loading-not-13509\"  src=\"https:\/\/erkrath.ekir.de\/wp-content\/uploads\/2020\/12\/stopp-600x430.png\" width=\"600\" height=\"430\" title='stopp' alt=''  itemprop=\"thumbnailUrl\" srcset=\"https:\/\/erkrath.ekir.de\/wp-content\/uploads\/2020\/12\/stopp-600x430.png 600w, https:\/\/erkrath.ekir.de\/wp-content\/uploads\/2020\/12\/stopp-260x185.png 260w\" sizes=\"(max-width: 600px) 100vw, 600px\" \/><\/div><\/li><\/ul><\/div>\n\n<style type=\"text\/css\" data-created_by=\"avia_inline_auto\" id=\"style-css-av-av_heading-d26a06abec5a1a235373706fde5358ea\">\n#top .av-special-heading.av-av_heading-d26a06abec5a1a235373706fde5358ea{\npadding-bottom:10px;\n}\nbody .av-special-heading.av-av_heading-d26a06abec5a1a235373706fde5358ea .av-special-heading-tag .heading-char{\nfont-size:25px;\n}\n.av-special-heading.av-av_heading-d26a06abec5a1a235373706fde5358ea .av-subheading{\nfont-size:15px;\n}\n<\/style>\n<div  class='av-special-heading av-av_heading-d26a06abec5a1a235373706fde5358ea av-special-heading-h5 blockquote modern-quote  avia-builder-el-1  el_after_av_slideshow  el_before_av_hr '><h5 class='av-special-heading-tag '  itemprop=\"headline\"  >Keine Pr\u00e4senzveranstaltungen bis zum Ende des Lockdowns<\/h5><div class=\"special-heading-border\"><div class=\"special-heading-inner-border\"><\/div><\/div><\/div>\n\n<style type=\"text\/css\" data-created_by=\"avia_inline_auto\" id=\"style-css-av-kcpsowot-457557e3eabfb5cf2ffc389e14f6c452\">\n#top .hr.hr-invisible.av-kcpsowot-457557e3eabfb5cf2ffc389e14f6c452{\nheight:50px;\n}\n<\/style>\n<div  class='hr av-kcpsowot-457557e3eabfb5cf2ffc389e14f6c452 hr-invisible  avia-builder-el-2  el_after_av_heading  el_before_av_textblock '><span class='hr-inner '><span class=\"hr-inner-style\"><\/span><\/span><\/div>\n<section  class='av_textblock_section av-kcpspez9-61f64ec019de8e78a6e479ca4a2e9ee2 '   itemscope=\"itemscope\" itemtype=\"https:\/\/schema.org\/BlogPosting\" itemprop=\"blogPost\" ><div class='avia_textblock'  itemprop=\"text\" ><div class=\"teaser\">\n<div>\n<p>Bis zum Ende des Lockdowns sind in den R\u00e4umen der Evangelischen Kirchengemeinde alle Gottesdienste und anderen Pr\u00e4senzveranstaltungen ausgesetzt.<\/p>\n<p>Wir beobachten sehr genau die Entwicklung der Pandemie und\u00a0 hoffen, so bald wie m\u00f6glich schrittweise das Gemeindeleben vor Ort wieder zu \u00f6ffnen.<\/p>\n<p>Den Start werden wir \u00fcber die uns zug\u00e4nglichen Kan\u00e4le der \u00d6ffentlichkeitsarbeit bekannt machen.<\/p>\n<p>F\u00fcr alle Informationen ist unsere neue Homepage zu empfehlen:<\/p>\n<p><strong>www.erkrath.ekir.de<\/strong><\/p>\n<\/div>\n<\/div>\n<\/div><\/section>\n<div  class='hr av-1d5edu8-4680c7cf2d17e21edcf8c50de613eb1b hr-default  avia-builder-el-4  el_after_av_textblock  avia-builder-el-last '><span class='hr-inner '><span class=\"hr-inner-style\"><\/span><\/span><\/div>\n","protected":false},"excerpt":{"rendered":"","protected":false},"author":17,"featured_media":13509,"comment_status":"closed","ping_status":"closed","sticky":false,"template":"","format":"standard","meta":{"footnotes":""},"categories":[2,10],"tags":[],"class_list":["post-14164","post","type-post","status-publish","format-standard","has-post-thumbnail","hentry","category-evangelischinerkrath","category-presse-und-nachrichten"],"_links":{"self":[{"href":"https:\/\/erkrath.ekir.de\/index.php?rest_route=\/wp\/v2\/posts\/14164","targetHints":{"allow":["GET"]}}],"collection":[{"href":"https:\/\/erkrath.ekir.de\/index.php?rest_route=\/wp\/v2\/posts"}],"about":[{"href":"https:\/\/erkrath.ekir.de\/index.php?rest_route=\/wp\/v2\/types\/post"}],"author":[{"embeddable":true,"href":"https:\/\/erkrath.ekir.de\/index.php?rest_route=\/wp\/v2\/users\/17"}],"replies":[{"embeddable":true,"href":"https:\/\/erkrath.ekir.de\/index.php?rest_route=%2Fwp%2Fv2%2Fcomments&post=14164"}],"version-history":[{"count":0,"href":"https:\/\/erkrath.ekir.de\/index.php?rest_route=\/wp\/v2\/posts\/14164\/revisions"}],"wp:featuredmedia":[{"embeddable":true,"href":"https:\/\/erkrath.ekir.de\/index.php?rest_route=\/wp\/v2\/media\/13509"}],"wp:attachment":[{"href":"https:\/\/erkrath.ekir.de\/index.php?rest_route=%2Fwp%2Fv2%2Fmedia&parent=14164"}],"wp:term":[{"taxonomy":"category","embeddable":true,"href":"https:\/\/erkrath.ekir.de\/index.php?rest_route=%2Fwp%2Fv2%2Fcategories&post=14164"},{"taxonomy":"post_tag","embeddable":true,"href":"https:\/\/erkrath.ekir.de\/index.php?rest_route=%2Fwp%2Fv2%2Ftags&post=14164"}],"curies":[{"name":"wp","href":"https:\/\/api.w.org\/{rel}","templated":true}]}}