{"id":14389,"date":"2021-02-10T21:42:04","date_gmt":"2021-02-10T20:42:04","guid":{"rendered":"https:\/\/erkrath.ekir.de\/?p=14389"},"modified":"2021-02-14T12:44:52","modified_gmt":"2021-02-14T11:44:52","slug":"der-lockdown-geht-weiter","status":"publish","type":"post","link":"https:\/\/erkrath.ekir.de\/?p=14389","title":{"rendered":"Der Lockdown geht leider weiter"},"content":{"rendered":"\n<style type=\"text\/css\" data-created_by=\"avia_inline_auto\" id=\"style-css-av-av_heading-ea85ba66be4e2460f2b87a19c073b57d\">\n#top .av-special-heading.av-av_heading-ea85ba66be4e2460f2b87a19c073b57d{\npadding-bottom:10px;\n}\nbody .av-special-heading.av-av_heading-ea85ba66be4e2460f2b87a19c073b57d .av-special-heading-tag .heading-char{\nfont-size:25px;\n}\n.av-special-heading.av-av_heading-ea85ba66be4e2460f2b87a19c073b57d .av-subheading{\nfont-size:15px;\n}\n<\/style>\n<div  class='av-special-heading av-av_heading-ea85ba66be4e2460f2b87a19c073b57d av-special-heading-h5 blockquote modern-quote modern-centered  avia-builder-el-0  el_before_av_hr  avia-builder-el-first '><h5 class='av-special-heading-tag '  itemprop=\"headline\"  >Der Lockdown geht leider weiter<\/h5><div class=\"special-heading-border\"><div class=\"special-heading-inner-border\"><\/div><\/div><\/div>\n\n<style type=\"text\/css\" data-created_by=\"avia_inline_auto\" id=\"style-css-av-kcpsowot-457557e3eabfb5cf2ffc389e14f6c452\">\n#top .hr.hr-invisible.av-kcpsowot-457557e3eabfb5cf2ffc389e14f6c452{\nheight:50px;\n}\n<\/style>\n<div  class='hr av-kcpsowot-457557e3eabfb5cf2ffc389e14f6c452 hr-invisible  avia-builder-el-1  el_after_av_heading  el_before_av_one_half '><span class='hr-inner '><span class=\"hr-inner-style\"><\/span><\/span><\/div>\n\n<style type=\"text\/css\" data-created_by=\"avia_inline_auto\" id=\"style-css-av-19ry0et-8df782ec07a878fc92e245237d6abb6a\">\n.flex_column.av-19ry0et-8df782ec07a878fc92e245237d6abb6a{\nborder-radius:0px 0px 0px 0px;\npadding:0px 0px 0px 0px;\n}\n<\/style>\n<div  class='flex_column av-19ry0et-8df782ec07a878fc92e245237d6abb6a av_one_half  avia-builder-el-2  el_after_av_hr  el_before_av_one_half  first flex_column_div av-zero-column-padding  '     ><div  class='avia-slideshow av-29liuq8-219bfe5fc6d47cfcb0ee9b6a7a033563 avia-slideshow-extra_large av_slideshow avia-slide-slider  avia-builder-el-3  avia-builder-el-no-sibling  av-slideshow-ui av-control-default av-slideshow-manual av-loop-once av-loop-manual-endless av-default-height-applied avia-slideshow-1' data-slideshow-options=\"{&quot;animation&quot;:&quot;slide&quot;,&quot;autoplay&quot;:false,&quot;loop_autoplay&quot;:&quot;once&quot;,&quot;interval&quot;:5,&quot;loop_manual&quot;:&quot;manual-endless&quot;,&quot;autoplay_stopper&quot;:false,&quot;noNavigation&quot;:false,&quot;bg_slider&quot;:false,&quot;keep_padding&quot;:false,&quot;hoverpause&quot;:false,&quot;show_slide_delay&quot;:0}\"  itemprop=\"image\" itemscope=\"itemscope\" itemtype=\"https:\/\/schema.org\/ImageObject\" ><ul class='avia-slideshow-inner ' style='padding-bottom: 60.571428571429%;'><li  class='avia-slideshow-slide av-29liuq8-219bfe5fc6d47cfcb0ee9b6a7a033563__0  av-single-slide slide-1 slide-odd'><div data-rel='slideshow-1' class='avia-slide-wrap '   ><img decoding=\"async\" fetchpriority=\"high\" class=\"wp-image-14534 avia-img-lazy-loading-not-14534\"  src=\"https:\/\/erkrath.ekir.de\/wp-content\/uploads\/2021\/02\/Corona-Kirchi_Tiki_farbig-kl.jpg\" width=\"700\" height=\"424\" title='Corona-Kirchi_Tiki_farbig-kl' alt=''  itemprop=\"thumbnailUrl\" srcset=\"https:\/\/erkrath.ekir.de\/wp-content\/uploads\/2021\/02\/Corona-Kirchi_Tiki_farbig-kl.jpg 700w, https:\/\/erkrath.ekir.de\/wp-content\/uploads\/2021\/02\/Corona-Kirchi_Tiki_farbig-kl-300x182.jpg 300w\" sizes=\"(max-width: 700px) 100vw, 700px\" \/><\/div><\/li><\/ul><\/div><\/div>\n<style type=\"text\/css\" data-created_by=\"avia_inline_auto\" id=\"style-css-av-whqnbp-d60a8482bf0150584b60f554d1eeea64\">\n.flex_column.av-whqnbp-d60a8482bf0150584b60f554d1eeea64{\nborder-radius:0px 0px 0px 0px;\npadding:0px 0px 0px 0px;\n}\n<\/style>\n<div  class='flex_column av-whqnbp-d60a8482bf0150584b60f554d1eeea64 av_one_half  avia-builder-el-4  el_after_av_one_half  avia-builder-el-last  flex_column_div av-zero-column-padding  '     ><section  class='av_textblock_section av-kcpspez9-61f64ec019de8e78a6e479ca4a2e9ee2 '   itemscope=\"itemscope\" itemtype=\"https:\/\/schema.org\/BlogPosting\" itemprop=\"blogPost\" ><div class='avia_textblock'  itemprop=\"text\" ><div class=\"teaser\">\n<p><strong>Keine Pr\u00e4senzveranstaltungen bis zum Ende des Lockdowns <\/strong><\/p>\n<div>\n<div class=\"hr hr-invisible avia-builder-el-2 el_after_av_heading el_before_av_textblock \"><\/div>\n<section class=\"av_textblock_section \">\n<div class=\"avia_textblock \">\n<div class=\"teaser\">\n<div>\n<p>Bis zum Ende des erneut verl\u00e4ngerten Lockdowns (7. M\u00e4rz) sind in den R\u00e4umen der Evangelischen Kirchengemeinde <strong>alle Gottesdienste und anderen Pr\u00e4senzveranstaltungen ausgesetz<\/strong>t.<\/p>\n<p>Wir beobachten sehr genau die Entwicklung der Pandemie und\u00a0 hoffen, so bald wie m\u00f6glich schrittweise das Gemeindeleben vor Ort wieder zu \u00f6ffnen.<\/p>\n<p>Am 9. M\u00e4rz wird das Presbyterium eine neue Bewertung der Lage vornehmen.<\/p>\n<p>Wir hoffen, hier bald wieder einen Videogottesdienst bereit stellen zu k\u00f6nnen.<\/p>\n<\/div>\n<\/div>\n<\/div>\n<\/section>\n<\/div>\n<\/div>\n<\/div><\/section><\/div><\/p>\n","protected":false},"excerpt":{"rendered":"","protected":false},"author":17,"featured_media":14422,"comment_status":"closed","ping_status":"closed","sticky":false,"template":"","format":"standard","meta":{"footnotes":""},"categories":[2,5,10,30],"tags":[],"class_list":["post-14389","post","type-post","status-publish","format-standard","has-post-thumbnail","hentry","category-evangelischinerkrath","category-informationen","category-presse-und-nachrichten","category-spiritualitaet-und-bibelarbeit"],"_links":{"self":[{"href":"https:\/\/erkrath.ekir.de\/index.php?rest_route=\/wp\/v2\/posts\/14389","targetHints":{"allow":["GET"]}}],"collection":[{"href":"https:\/\/erkrath.ekir.de\/index.php?rest_route=\/wp\/v2\/posts"}],"about":[{"href":"https:\/\/erkrath.ekir.de\/index.php?rest_route=\/wp\/v2\/types\/post"}],"author":[{"embeddable":true,"href":"https:\/\/erkrath.ekir.de\/index.php?rest_route=\/wp\/v2\/users\/17"}],"replies":[{"embeddable":true,"href":"https:\/\/erkrath.ekir.de\/index.php?rest_route=%2Fwp%2Fv2%2Fcomments&post=14389"}],"version-history":[{"count":0,"href":"https:\/\/erkrath.ekir.de\/index.php?rest_route=\/wp\/v2\/posts\/14389\/revisions"}],"wp:featuredmedia":[{"embeddable":true,"href":"https:\/\/erkrath.ekir.de\/index.php?rest_route=\/wp\/v2\/media\/14422"}],"wp:attachment":[{"href":"https:\/\/erkrath.ekir.de\/index.php?rest_route=%2Fwp%2Fv2%2Fmedia&parent=14389"}],"wp:term":[{"taxonomy":"category","embeddable":true,"href":"https:\/\/erkrath.ekir.de\/index.php?rest_route=%2Fwp%2Fv2%2Fcategories&post=14389"},{"taxonomy":"post_tag","embeddable":true,"href":"https:\/\/erkrath.ekir.de\/index.php?rest_route=%2Fwp%2Fv2%2Ftags&post=14389"}],"curies":[{"name":"wp","href":"https:\/\/api.w.org\/{rel}","templated":true}]}}