{"id":16002,"date":"2021-07-16T12:23:04","date_gmt":"2021-07-16T10:23:04","guid":{"rendered":"https:\/\/erkrath.ekir.de\/?p=16002"},"modified":"2021-07-17T11:05:54","modified_gmt":"2021-07-17T09:05:54","slug":"sintflut-in-alt-erkrath-was-bedeuten-diese-unwetter","status":"publish","type":"post","link":"https:\/\/erkrath.ekir.de\/?p=16002","title":{"rendered":"Sintflut in Alt-Erkrath \u2013 was bedeuten diese Unwetter?"},"content":{"rendered":"<div  class='avia-slideshow av-kqg7hj8h-5a047b64b6338ffc76b9ce147ff722a8 avia-slideshow-featured av_slideshow avia-slide-slider  avia-builder-el-0  el_before_av_heading  avia-builder-el-first  av-slideshow-ui av-control-default av-slideshow-manual av-loop-once av-loop-manual-endless av-default-height-applied avia-slideshow-1' data-slideshow-options=\"{&quot;animation&quot;:&quot;slide&quot;,&quot;autoplay&quot;:false,&quot;loop_autoplay&quot;:&quot;once&quot;,&quot;interval&quot;:5,&quot;loop_manual&quot;:&quot;manual-endless&quot;,&quot;autoplay_stopper&quot;:false,&quot;noNavigation&quot;:false,&quot;bg_slider&quot;:false,&quot;keep_padding&quot;:false,&quot;hoverpause&quot;:false,&quot;show_slide_delay&quot;:0}\"  itemprop=\"image\" itemscope=\"itemscope\" itemtype=\"https:\/\/schema.org\/ImageObject\" ><ul class='avia-slideshow-inner ' style='padding-bottom: 28.666666666667%;'><li  class='avia-slideshow-slide av-kqg7hj8h-5a047b64b6338ffc76b9ce147ff722a8__0  av-single-slide slide-1 slide-odd'><div data-rel='slideshow-1' class='avia-slide-wrap '   ><img decoding=\"async\" fetchpriority=\"high\" class=\"wp-image-16025 avia-img-lazy-loading-not-16025\"  src=\"https:\/\/erkrath.ekir.de\/wp-content\/uploads\/2021\/07\/20210716_125112-1500x430.jpg\" width=\"1500\" height=\"430\" title='20210716_125112' alt=''  itemprop=\"thumbnailUrl\"   \/><\/div><\/li><\/ul><\/div>\n\n<style type=\"text\/css\" data-created_by=\"avia_inline_auto\" id=\"style-css-av-klrvuyag-753fc48674f6551cb0d31f6f990406a0\">\n#top .av-special-heading.av-klrvuyag-753fc48674f6551cb0d31f6f990406a0{\npadding-bottom:10px;\n}\nbody .av-special-heading.av-klrvuyag-753fc48674f6551cb0d31f6f990406a0 .av-special-heading-tag .heading-char{\nfont-size:25px;\n}\n.av-special-heading.av-klrvuyag-753fc48674f6551cb0d31f6f990406a0 .av-subheading{\nfont-size:15px;\n}\n<\/style>\n<div  class='av-special-heading av-klrvuyag-753fc48674f6551cb0d31f6f990406a0 av-special-heading-h3 blockquote modern-quote modern-centered  avia-builder-el-1  el_after_av_slideshow  el_before_av_one_full '><h3 class='av-special-heading-tag '  itemprop=\"headline\"  >Vor uns die Sintflut?<\/h3><div class=\"special-heading-border\"><div class=\"special-heading-inner-border\"><\/div><\/div><\/div>\n\n<style type=\"text\/css\" data-created_by=\"avia_inline_auto\" id=\"style-css-av-1jzrn0y-1573e3cf0c6276e02de2f2bcb3835d25\">\n.flex_column.av-1jzrn0y-1573e3cf0c6276e02de2f2bcb3835d25{\nborder-radius:0px 0px 0px 0px;\npadding:0px 0px 0px 0px;\n}\n<\/style>\n<div  class='flex_column av-1jzrn0y-1573e3cf0c6276e02de2f2bcb3835d25 av_one_full  avia-builder-el-2  el_after_av_heading  el_before_av_hr  first flex_column_div av-zero-column-padding  '     ><section  class='av_textblock_section av-kl4ya0pp-fb0aac35e63982bfbb22dc670dd4c59d '   itemscope=\"itemscope\" itemtype=\"https:\/\/schema.org\/BlogPosting\" itemprop=\"blogPost\" ><div class='avia_textblock'  itemprop=\"text\" ><p>Was bedeuten diese Unwetter?<\/p>\n<p>Extreme Naturereignisse kannten auch die Verfasser der Bibel.<\/p>\n<p>Die Geschichte von der Sintflut steht in der Bibel, im ersten Buch Mose, ziemlich am Anfang. Die Hauptrolle darin spielt ein Schiff, die Arche. Darin \u00fcberstanden Noah und seine Familie die Sintflut. Von allen Tierarten war ein Paar mit an Bord des Schiffes.<\/p>\n<p>In der biblischen Geschichte schickte Gott die Flut. Weil die Menschen eigens\u00fcchtig und gewaltt\u00e4tig lebten, lie\u00df er alles in der Flut untergehen. Aber Noah, seine Familie und die Tiere in der Arche \u00fcberlebten.<\/p>\n<p>Unklar ist, ob es im Altertum wirklich eine solche Flutkatastrophe gegeben hat. Aber klar ist, dass dies ein Thema bis heute ist. Gerade die Alt-Erkrather haben es in dieser Woche am eigenen Leibe erleben m\u00fcssen.<\/p>\n<p>Sicher ist: Wasser ist zu allen Zeiten nicht nur lebensspendend, sondern auch zerst\u00f6rerisch. Und fast jede Kultur der Welt kennt solche Berichte von verheerenden Fluten.<\/p>\n<p>Jede Naturkatastrophe erinnert auch heute daran, dass unser Leben bedroht ist. Und derartige Ereignisse nehmen zu. Wir versuchen, sie zu beherrschen, aber es gelingt nicht immer.\u00a0Viele Kirchengemeinden unserer Evangelischen Kirche im Rheinland hat es viel schwerer getroffen als uns, dort sind gro\u00dfe Sch\u00e4den an Leib und Leben, au\u00dferdem an Kirchengeb\u00e4uden entstanden.<\/p>\n<p>Unser deutsches Wort Sintflut enth\u00e4lt das Wort \u201eS\u00fcnde\u201c. \u201eSintflut\u201c bedeutet &#8218;allgemeine Flut, gro\u00dfe \u00dcberschwemmung&#8216;. Aber schon seit vielen Jahrhunderten vermischt sich die Bedeutung des W\u00f6rtchens \u201esint\u201c mit \u201eS\u00fcnd\u201c. \u201eSint\u201c bedeutet ganz einfach \u201eallgemein, gro\u00df\u201c, S\u00fcnde aber bedeutet Schuld und Vergehen. Aus der allgemeinen, gro\u00dfen Flut wurde im Verst\u00e4ndnis der Menschen eine Flut \u201ewegen ihrer S\u00fcnden\u201c.<\/p>\n<p>Das Wort S\u00fcnde hat immer noch eine tiefe Bedeutung. Irgendwo wissen das die meisten auch. Auch wenn man von \u201eEss-S\u00fcnden\u201c oder \u201es\u00fcndhaft teuren Klamotten\u201c spricht, ist S\u00fcnde nicht einfach moralisches Fehlverhalten, das eigentlich gar nicht so schlimm ist. S\u00fcnde ist in Wahrheit, wenn man tut, was den Menschen und der Natur nicht gut tut.<\/p>\n<p>Weil das viele wissen, kommen bei Naturkatastrophen auch immer wieder die \u00c4ngste vor einer neuen Sintflut hoch. Solche Naturgewalten bedrohen Menschen leider regelm\u00e4\u00dfig, auf der ganzen Welt \u2013 nun sind sie auch bis zu uns vorgedrungen.<\/p>\n<p>Aber was auch geschieht \u2013 <strong>mit einer Strafe Gottes haben sie rein gar nichts zu tun!<\/strong><\/p>\n<p>Wissenschaftler und \u00d6kologen prangern seit Jahrzehnten den westlichen Lebensstil an. Dass der Mensch sich die Erde untertan machen soll, wie es am Anfang der Bibel steht, ist offenbar gr\u00fcndlich falsch verstanden worden als Auffforderung zum Raubbau an der Natur.<\/p>\n<p>Die Geschichte von der Sintflut wie auch das Hochwasser dieser Woche l\u00f6sen eine tiefsitzende Angst aus. Auch wenn die Zusammenh\u00e4nge nicht eindeutig nachgewiesen werden k\u00f6nnen, die Erderw\u00e4rmung ist Fakt. Die Ausbreitung der W\u00fcsten ebenso. Nun ist bis zu uns vorgedrungen, was wir sonst nur im Fernsehen von anderen Gegenden der Erde sehen.<\/p>\n<p>Nat\u00fcrlich tr\u00e4gt niemand f\u00fcr sich allein die Schuld daran. Aber tief im Herzen wei\u00df man, dass alles, was man tut, Folgen hat. Der Spruch \u201e<strong>Nach mir die Sintflut<\/strong>\u201c deckt auf, was man bef\u00fcrchtet: bestraft zu werden f\u00fcr das Leben, so wie man es f\u00fchrt.<\/p>\n<p>Die Sintflutgeschichte ist eine Geschichte der Rettung: Die Hoffnung daraus ist doch, eben nicht zu handeln, als ob jeder Tag der letzte w\u00e4re. Sondern darauf zu vertrauen, dass Gott diese Welt erh\u00e4lt und auch das eigene Leben tr\u00e4gt.<\/p>\n<p>Noah sorgte daf\u00fcr, dass alle Menschen und jede Tierart eine Zukunft haben sollten. Wenn wir das durch einen \u00fcberlegteren Lebensstil auch t\u00e4ten, h\u00e4tte der Spruch <strong>\u201eNach mir die Sintflut\u201c<\/strong> ausgedient.<\/p>\n<p><em>Gisela Kuhn<\/em><\/p>\n<p>Und hier noch das\u00a0 <a href=\"https:\/\/erkrath.ekir.de\/wp-content\/uploads\/2021\/07\/Rundschreiben-von-Praeses-Dr.-Thorsten-Latzel.pdf\">Rundschreiben von Pr\u00e4ses Dr. Thorsten Latzel<\/a><\/p>\n<p>und der Aufruf der\u00a0 <a href=\"https:\/\/erkrath.ekir.de\/wp-content\/uploads\/2021\/07\/Hochwasserhilfe-Erkrath-haelt-zusammen.pdf\">Hochwasserhilfe &#8211; Erkrath h\u00e4lt zusammen<\/a><\/p>\n<\/div><\/section><\/div>\n<style type=\"text\/css\" data-created_by=\"avia_inline_auto\" id=\"style-css-av-snfoky-28993a3023a3c3349710a9a6e7f4215e\">\n#top .hr.hr-invisible.av-snfoky-28993a3023a3c3349710a9a6e7f4215e{\nheight:50px;\n}\n<\/style>\n<div  class='hr av-snfoky-28993a3023a3c3349710a9a6e7f4215e hr-invisible  avia-builder-el-4  el_after_av_one_full  el_before_av_two_third '><span class='hr-inner '><span class=\"hr-inner-style\"><\/span><\/span><\/div><\/p>\n\n<style type=\"text\/css\" data-created_by=\"avia_inline_auto\" id=\"style-css-av-i98qrr-530a99b61b152be17f0f0a14d3e1a716\">\n.flex_column.av-i98qrr-530a99b61b152be17f0f0a14d3e1a716{\nborder-radius:0px 0px 0px 0px;\npadding:0px 0px 0px 0px;\n}\n<\/style>\n<div  class='flex_column av-i98qrr-530a99b61b152be17f0f0a14d3e1a716 av_two_third  avia-builder-el-5  el_after_av_hr  el_before_av_hr  first flex_column_div av-zero-column-padding  '     ><\/div>\n\n<style type=\"text\/css\" data-created_by=\"avia_inline_auto\" id=\"style-css-av-kcpsowot-457557e3eabfb5cf2ffc389e14f6c452\">\n#top .hr.hr-invisible.av-kcpsowot-457557e3eabfb5cf2ffc389e14f6c452{\nheight:50px;\n}\n<\/style>\n<div  class='hr av-kcpsowot-457557e3eabfb5cf2ffc389e14f6c452 hr-invisible  avia-builder-el-6  el_after_av_two_third  avia-builder-el-last '><span class='hr-inner '><span class=\"hr-inner-style\"><\/span><\/span><\/div>\n","protected":false},"excerpt":{"rendered":"","protected":false},"author":17,"featured_media":16021,"comment_status":"closed","ping_status":"closed","sticky":false,"template":"","format":"standard","meta":{"footnotes":""},"categories":[2,10],"tags":[],"class_list":["post-16002","post","type-post","status-publish","format-standard","has-post-thumbnail","hentry","category-evangelischinerkrath","category-presse-und-nachrichten"],"_links":{"self":[{"href":"https:\/\/erkrath.ekir.de\/index.php?rest_route=\/wp\/v2\/posts\/16002","targetHints":{"allow":["GET"]}}],"collection":[{"href":"https:\/\/erkrath.ekir.de\/index.php?rest_route=\/wp\/v2\/posts"}],"about":[{"href":"https:\/\/erkrath.ekir.de\/index.php?rest_route=\/wp\/v2\/types\/post"}],"author":[{"embeddable":true,"href":"https:\/\/erkrath.ekir.de\/index.php?rest_route=\/wp\/v2\/users\/17"}],"replies":[{"embeddable":true,"href":"https:\/\/erkrath.ekir.de\/index.php?rest_route=%2Fwp%2Fv2%2Fcomments&post=16002"}],"version-history":[{"count":0,"href":"https:\/\/erkrath.ekir.de\/index.php?rest_route=\/wp\/v2\/posts\/16002\/revisions"}],"wp:featuredmedia":[{"embeddable":true,"href":"https:\/\/erkrath.ekir.de\/index.php?rest_route=\/wp\/v2\/media\/16021"}],"wp:attachment":[{"href":"https:\/\/erkrath.ekir.de\/index.php?rest_route=%2Fwp%2Fv2%2Fmedia&parent=16002"}],"wp:term":[{"taxonomy":"category","embeddable":true,"href":"https:\/\/erkrath.ekir.de\/index.php?rest_route=%2Fwp%2Fv2%2Fcategories&post=16002"},{"taxonomy":"post_tag","embeddable":true,"href":"https:\/\/erkrath.ekir.de\/index.php?rest_route=%2Fwp%2Fv2%2Ftags&post=16002"}],"curies":[{"name":"wp","href":"https:\/\/api.w.org\/{rel}","templated":true}]}}