{"id":17001,"date":"2022-01-29T09:58:51","date_gmt":"2022-01-29T08:58:51","guid":{"rendered":"https:\/\/erkrath.ekir.de\/?p=17001"},"modified":"2022-01-29T10:11:50","modified_gmt":"2022-01-29T09:11:50","slug":"impfen-ist-naechstenliebe","status":"publish","type":"post","link":"https:\/\/erkrath.ekir.de\/?p=17001","title":{"rendered":"Impfen ist N\u00e4chstenliebe!"},"content":{"rendered":"<div  class='avia-slideshow av-kyzlqtop-90258da03aa2bb4430d79565ff458e5a avia-slideshow-no scaling av_slideshow avia-slide-slider  avia-builder-el-0  el_before_av_textblock  avia-builder-el-first  av-slideshow-ui av-control-default av-slideshow-manual av-loop-once av-loop-manual-endless av-default-height-applied avia-slideshow-1' data-slideshow-options=\"{&quot;animation&quot;:&quot;slide&quot;,&quot;autoplay&quot;:false,&quot;loop_autoplay&quot;:&quot;once&quot;,&quot;interval&quot;:5,&quot;loop_manual&quot;:&quot;manual-endless&quot;,&quot;autoplay_stopper&quot;:false,&quot;noNavigation&quot;:false,&quot;bg_slider&quot;:false,&quot;keep_padding&quot;:false,&quot;hoverpause&quot;:false,&quot;show_slide_delay&quot;:0}\"  itemprop=\"image\" itemscope=\"itemscope\" itemtype=\"https:\/\/schema.org\/ImageObject\" ><ul class='avia-slideshow-inner ' style='padding-bottom: 42.875%;'><li  class='avia-slideshow-slide av-kyzlqtop-90258da03aa2bb4430d79565ff458e5a__0  av-single-slide slide-1 slide-odd'><div data-rel='slideshow-1' class='avia-slide-wrap '   ><img decoding=\"async\" fetchpriority=\"high\" class=\"wp-image-16915 avia-img-lazy-loading-not-16915\"  src=\"https:\/\/erkrath.ekir.de\/wp-content\/uploads\/2022\/01\/IiN.png\" width=\"1600\" height=\"686\" title='IiN' alt=''  itemprop=\"thumbnailUrl\" srcset=\"https:\/\/erkrath.ekir.de\/wp-content\/uploads\/2022\/01\/IiN.png 1600w, https:\/\/erkrath.ekir.de\/wp-content\/uploads\/2022\/01\/IiN-300x129.png 300w, https:\/\/erkrath.ekir.de\/wp-content\/uploads\/2022\/01\/IiN-1030x441.png 1030w, https:\/\/erkrath.ekir.de\/wp-content\/uploads\/2022\/01\/IiN-768x329.png 768w, https:\/\/erkrath.ekir.de\/wp-content\/uploads\/2022\/01\/IiN-1536x658.png 1536w, https:\/\/erkrath.ekir.de\/wp-content\/uploads\/2022\/01\/IiN-2048x878.png 2048w, https:\/\/erkrath.ekir.de\/wp-content\/uploads\/2022\/01\/IiN-1500x643.png 1500w, https:\/\/erkrath.ekir.de\/wp-content\/uploads\/2022\/01\/IiN-705x302.png 705w\" sizes=\"(max-width: 1600px) 100vw, 1600px\" \/><\/div><\/li><\/ul><\/div>\n<section  class='av_textblock_section av-lqxdm1-e5890be5508ac09969f7e5ebdc1fb657 '   itemscope=\"itemscope\" itemtype=\"https:\/\/schema.org\/BlogPosting\" itemprop=\"blogPost\" ><div class='avia_textblock'  itemprop=\"text\" ><p><strong><em>Was w\u00fcrde Jesus zur Impfung sagen?<\/em><\/strong><\/p>\n<p><strong>\u201eDu sollst deinen N\u00e4chsten lieben wie dich selbst\u201c<\/strong> hat Jesus mal gesagt. Diese Grundregel gilt f\u00fcr unser christliches Zusammenleben. Wer das ernst nimmt, empfindet auch Verantwortung f\u00fcr seine Mitmenschen. Impfen, um nicht nur mich, sondern auch die Anderen vor Ansteckung zu sch\u00fctzen. Vielleicht bin ich selbst gar nicht gef\u00e4hrdet, vielleicht habe ich Gl\u00fcck und erkranke gar nicht. Meinen \u201eN\u00e4chsten\u201c kann es schon viel schlimmer erwischen. Die eigenen Interessen zu vertreten ist einfach \u2013 N\u00e4chstenliebe ist viel schwieriger.<\/p>\n<p><strong><em>H\u00e4tte Jesus sich impfen lassen?<\/em><\/strong><\/p>\n<p>Da bin ich sicher! Jesus hat sich besonders f\u00fcr die Schwachen und Kranken eingesetzt und sie vor Gefahr gesch\u00fctzt. Und wir sollen es ihm nachtun.<\/p>\n<p>Ich bin mir \u00fcbrigens auch sicher, dass sich Jesus f\u00fcr die vielen jungen Menschen eingesetzt h\u00e4tte, die lange Zeit klaglos bei den Impfungen den \u00c4lteren und Alten den Vortritt gelassen haben, w\u00e4hrend sie selbst nicht raus durften (die Sch\u00fcler) oder keinen rein lassen durften (viele Gesch\u00e4ftsleute und Kulturschaffende).<\/p>\n<p><strong><em>\u201eDu sollst deinen N\u00e4chsten lieben wie dich selbst\u201c <\/em><\/strong><\/p>\n<p>hei\u00dft: Unser Zusammenleben funktioniert nur, wenn wir auch aufeinander R\u00fccksicht nehmen und nicht nur die eigenen Vorteile im Blick haben. Die Impfung ist deshalb nicht nur eine pers\u00f6nliche Entscheidung f\u00fcr MEINE, sondern auch f\u00fcr die Gesundheit meiner MITMENSCHEN.<\/p>\n<p>Jesus liebte die klaren Worte, und h\u00e4tte es damals schon Impfungen gegeben, k\u00f6nnten diese von ihm sein: <strong>Impfen ist N\u00e4chstenliebe.<\/strong><\/p>\n<p><em>Gisela Kuhn<\/em><\/p>\n<p>Hier finden Sie weitere \u00c4u\u00dferungen zum Thema aus der \u00d6kumene:<\/p>\n<p>vom <a href=\"https:\/\/www.domradio.de\/themen\/corona\/2021-11-28\/impfen-ist-fuer-mich-ein-akt-der-naechstenliebe-praeses-latzel-mit-appell-zum-zusammenhalt\" target=\"_blank\" rel=\"noopener\">Pr\u00e4ses der Ev. Kirche im Rheinland Pfarrer Dr. Thorsten Latzel<\/a>\u00a0und\u00a0aus dem katholischen Bistum Essen von <a href=\"https:\/\/www.katholisch.de\/artikel\/32710-bischof-overbeck-kirche-hat-pflicht-fuer-corona-impfungen-einzutreten\" target=\"_blank\" rel=\"noopener\">Bischof Franz-Josef Overbeck<\/a>.<\/p>\n<\/div><\/section>\n","protected":false},"excerpt":{"rendered":"","protected":false},"author":2,"featured_media":17019,"comment_status":"closed","ping_status":"closed","sticky":false,"template":"","format":"standard","meta":{"footnotes":""},"categories":[2],"tags":[],"class_list":["post-17001","post","type-post","status-publish","format-standard","has-post-thumbnail","hentry","category-evangelischinerkrath"],"_links":{"self":[{"href":"https:\/\/erkrath.ekir.de\/index.php?rest_route=\/wp\/v2\/posts\/17001","targetHints":{"allow":["GET"]}}],"collection":[{"href":"https:\/\/erkrath.ekir.de\/index.php?rest_route=\/wp\/v2\/posts"}],"about":[{"href":"https:\/\/erkrath.ekir.de\/index.php?rest_route=\/wp\/v2\/types\/post"}],"author":[{"embeddable":true,"href":"https:\/\/erkrath.ekir.de\/index.php?rest_route=\/wp\/v2\/users\/2"}],"replies":[{"embeddable":true,"href":"https:\/\/erkrath.ekir.de\/index.php?rest_route=%2Fwp%2Fv2%2Fcomments&post=17001"}],"version-history":[{"count":0,"href":"https:\/\/erkrath.ekir.de\/index.php?rest_route=\/wp\/v2\/posts\/17001\/revisions"}],"wp:featuredmedia":[{"embeddable":true,"href":"https:\/\/erkrath.ekir.de\/index.php?rest_route=\/wp\/v2\/media\/17019"}],"wp:attachment":[{"href":"https:\/\/erkrath.ekir.de\/index.php?rest_route=%2Fwp%2Fv2%2Fmedia&parent=17001"}],"wp:term":[{"taxonomy":"category","embeddable":true,"href":"https:\/\/erkrath.ekir.de\/index.php?rest_route=%2Fwp%2Fv2%2Fcategories&post=17001"},{"taxonomy":"post_tag","embeddable":true,"href":"https:\/\/erkrath.ekir.de\/index.php?rest_route=%2Fwp%2Fv2%2Ftags&post=17001"}],"curies":[{"name":"wp","href":"https:\/\/api.w.org\/{rel}","templated":true}]}}