{"id":17557,"date":"2022-04-07T12:36:31","date_gmt":"2022-04-07T10:36:31","guid":{"rendered":"https:\/\/erkrath.ekir.de\/?p=17557"},"modified":"2022-04-07T12:47:48","modified_gmt":"2022-04-07T10:47:48","slug":"krieg-soll-nach-gottes-willen-nicht-sein","status":"publish","type":"post","link":"https:\/\/erkrath.ekir.de\/?p=17557","title":{"rendered":"KRIEG SOLL NACH GOTTES WILLEN NICHT SEIN"},"content":{"rendered":"<p>Rund 30 Frauen und M\u00e4nner waren der Einladung der katholischen und evangelischen Kirchengemeinde zum Friedensgebet unter der Markthalle gefolgt. Friedensgebete und Friedenslieder pr\u00e4gten die Versammlung unter freiem Himmel. Das windige Wetter l\u00f6schte die Friedenskerzen, die an alle verteilt worden waren, aber die Kerzen werden jetzt zu Hause bei den Teilnehmern in ihren Fenstern als Mahnmal leuchten.<\/p>\n<p>Die katholischen Frauen hatten alles gut organisiert. Selbst Zettel und Bl\u00e4tter wurden verteilt, auf denen jeder seine Friedensbitte formulieren konnte. Frau Kuhns Formulierungsk\u00fcnste machten daraus ein l\u00e4ngeres, sehr pers\u00f6nliches Gebet f\u00fcr den Frieden.<\/p>\n<p>Auf vor\u00fcbergehende Fu\u00dfg\u00e4nger wirkte diese Versammlung etwas irritierend, weil f\u00fcr Au\u00dfenstehende nicht so klar wurde, warum hier in der \u00d6ffentlichkeit gesungen und gebetet wurde. Vielleicht k\u00f6nnte bei weiteren Friedensgebeten ein Symbol gestaltet werden, dass deutlich macht, worum es geht.<\/p>\n<p>F\u00fcr einige \u00e4ltere Teilnehmer kamen Erinnerungen hoch an die 80er Jahre, in denen der \u00a0\u00f6kumenische Friedenskreis Hochdahl eine f\u00fchrende Rolle im Erkrather Friedensforum hatte.<\/p>\n<p>Die Kirchen d\u00fcrfen m.E. nicht schweigen in dieser scheinbar aussichtslosen Lage. Sie sollten ihre Friedensethik engagiert in der \u00d6ffentlichkeit vertreten und im Gebet auf Gottes Hilfe hoffen.<\/p>\n<p>Danke f\u00fcr dieses \u00f6ffentliche Bekenntnis.<\/p>\n<p>Beate Reuker<\/p>\n","protected":false},"excerpt":{"rendered":"<p>Rund 30 Frauen und M\u00e4nner waren der Einladung der katholischen und evangelischen Kirchengemeinde zum Friedensgebet unter der Markthalle gefolgt. Friedensgebete und Friedenslieder pr\u00e4gten die Versammlung unter freiem Himmel. Das windige Wetter l\u00f6schte die Friedenskerzen, die an alle verteilt worden waren, aber die Kerzen werden jetzt zu Hause bei den Teilnehmern in ihren Fenstern als Mahnmal [&hellip;]<\/p>\n","protected":false},"author":17,"featured_media":17465,"comment_status":"closed","ping_status":"closed","sticky":false,"template":"","format":"standard","meta":{"footnotes":""},"categories":[2,5,32,10],"tags":[],"class_list":["post-17557","post","type-post","status-publish","format-standard","has-post-thumbnail","hentry","category-evangelischinerkrath","category-informationen","category-oekumene","category-presse-und-nachrichten"],"_links":{"self":[{"href":"https:\/\/erkrath.ekir.de\/index.php?rest_route=\/wp\/v2\/posts\/17557","targetHints":{"allow":["GET"]}}],"collection":[{"href":"https:\/\/erkrath.ekir.de\/index.php?rest_route=\/wp\/v2\/posts"}],"about":[{"href":"https:\/\/erkrath.ekir.de\/index.php?rest_route=\/wp\/v2\/types\/post"}],"author":[{"embeddable":true,"href":"https:\/\/erkrath.ekir.de\/index.php?rest_route=\/wp\/v2\/users\/17"}],"replies":[{"embeddable":true,"href":"https:\/\/erkrath.ekir.de\/index.php?rest_route=%2Fwp%2Fv2%2Fcomments&post=17557"}],"version-history":[{"count":0,"href":"https:\/\/erkrath.ekir.de\/index.php?rest_route=\/wp\/v2\/posts\/17557\/revisions"}],"wp:featuredmedia":[{"embeddable":true,"href":"https:\/\/erkrath.ekir.de\/index.php?rest_route=\/wp\/v2\/media\/17465"}],"wp:attachment":[{"href":"https:\/\/erkrath.ekir.de\/index.php?rest_route=%2Fwp%2Fv2%2Fmedia&parent=17557"}],"wp:term":[{"taxonomy":"category","embeddable":true,"href":"https:\/\/erkrath.ekir.de\/index.php?rest_route=%2Fwp%2Fv2%2Fcategories&post=17557"},{"taxonomy":"post_tag","embeddable":true,"href":"https:\/\/erkrath.ekir.de\/index.php?rest_route=%2Fwp%2Fv2%2Ftags&post=17557"}],"curies":[{"name":"wp","href":"https:\/\/api.w.org\/{rel}","templated":true}]}}