{"id":17665,"date":"2022-04-28T15:16:32","date_gmt":"2022-04-28T13:16:32","guid":{"rendered":"https:\/\/erkrath.ekir.de\/?p=17665"},"modified":"2022-04-28T16:56:14","modified_gmt":"2022-04-28T14:56:14","slug":"familienkonzert","status":"publish","type":"post","link":"https:\/\/erkrath.ekir.de\/?p=17665","title":{"rendered":"Familienkonzert"},"content":{"rendered":"\n<style type=\"text\/css\" data-created_by=\"avia_inline_auto\" id=\"style-css-av-kdwup1sq-da2d42a43fbd4eaa373d576dd83f9bd3\">\n#top .av-special-heading.av-kdwup1sq-da2d42a43fbd4eaa373d576dd83f9bd3{\npadding-bottom:10px;\n}\nbody .av-special-heading.av-kdwup1sq-da2d42a43fbd4eaa373d576dd83f9bd3 .av-special-heading-tag .heading-char{\nfont-size:25px;\n}\n.av-special-heading.av-kdwup1sq-da2d42a43fbd4eaa373d576dd83f9bd3 .av-subheading{\nfont-size:15px;\n}\n<\/style>\n<div  class='av-special-heading av-kdwup1sq-da2d42a43fbd4eaa373d576dd83f9bd3 av-special-heading-h3 blockquote modern-quote modern-centered  avia-builder-el-0  el_before_av_hr  avia-builder-el-first '><h3 class='av-special-heading-tag '  itemprop=\"headline\"  >Familienkonzert in der Paul-Gerhardt-Kirche<\/h3><div class=\"special-heading-border\"><div class=\"special-heading-inner-border\"><\/div><\/div><\/div>\n\n<style type=\"text\/css\" data-created_by=\"avia_inline_auto\" id=\"style-css-av-lirmmo-46cb04009bd8daf22c5d69b56425d85e\">\n#top .hr.hr-invisible.av-lirmmo-46cb04009bd8daf22c5d69b56425d85e{\nheight:30px;\n}\n<\/style>\n<div  class='hr av-lirmmo-46cb04009bd8daf22c5d69b56425d85e hr-invisible  avia-builder-el-1  el_after_av_heading  el_before_av_one_third '><span class='hr-inner '><span class=\"hr-inner-style\"><\/span><\/span><\/div>\n<div  class='flex_column av-17tihu7-d0734796f1d6122f056433953a7b6f71 av_one_third  avia-builder-el-2  el_after_av_hr  el_before_av_two_third  first flex_column_div  '     ><div  class='avia-slideshow av-29liuq8-16664cda009bebf3c96f0826811d5ada avia-slideshow-no scaling av_slideshow avia-slide-slider  avia-builder-el-3  avia-builder-el-no-sibling  av-slideshow-ui av-control-default av-slideshow-manual av-loop-once av-loop-manual-endless av-default-height-applied avia-slideshow-1' data-slideshow-options=\"{&quot;animation&quot;:&quot;slide&quot;,&quot;autoplay&quot;:false,&quot;loop_autoplay&quot;:&quot;once&quot;,&quot;interval&quot;:5,&quot;loop_manual&quot;:&quot;manual-endless&quot;,&quot;autoplay_stopper&quot;:false,&quot;noNavigation&quot;:false,&quot;bg_slider&quot;:false,&quot;keep_padding&quot;:false,&quot;hoverpause&quot;:false,&quot;show_slide_delay&quot;:0}\"  itemprop=\"image\" itemscope=\"itemscope\" itemtype=\"https:\/\/schema.org\/ImageObject\" ><ul class='avia-slideshow-inner ' style='padding-bottom: 73.9375%;'><li  class='avia-slideshow-slide av-29liuq8-16664cda009bebf3c96f0826811d5ada__0  av-single-slide slide-1 slide-odd'><div data-rel='slideshow-1' class='avia-slide-wrap '   ><img decoding=\"async\" fetchpriority=\"high\" class=\"wp-image-12001 avia-img-lazy-loading-not-12001\"  src=\"https:\/\/erkrath.ekir.de\/wp-content\/uploads\/2020\/07\/P1240638sn-scaled.jpg\" width=\"1600\" height=\"1183\" title='Foto: Martin Grote' alt='Foto: Martin Grote'  itemprop=\"thumbnailUrl\" srcset=\"https:\/\/erkrath.ekir.de\/wp-content\/uploads\/2020\/07\/P1240638sn-scaled.jpg 1600w, https:\/\/erkrath.ekir.de\/wp-content\/uploads\/2020\/07\/P1240638sn-300x222.jpg 300w, https:\/\/erkrath.ekir.de\/wp-content\/uploads\/2020\/07\/P1240638sn-1030x761.jpg 1030w, https:\/\/erkrath.ekir.de\/wp-content\/uploads\/2020\/07\/P1240638sn-768x568.jpg 768w, https:\/\/erkrath.ekir.de\/wp-content\/uploads\/2020\/07\/P1240638sn-1536x1135.jpg 1536w, https:\/\/erkrath.ekir.de\/wp-content\/uploads\/2020\/07\/P1240638sn-2048x1514.jpg 2048w, https:\/\/erkrath.ekir.de\/wp-content\/uploads\/2020\/07\/P1240638sn-1500x1109.jpg 1500w, https:\/\/erkrath.ekir.de\/wp-content\/uploads\/2020\/07\/P1240638sn-705x521.jpg 705w, https:\/\/erkrath.ekir.de\/wp-content\/uploads\/2020\/07\/P1240638sn-450x333.jpg 450w\" sizes=\"(max-width: 1600px) 100vw, 1600px\" \/><\/div><\/li><\/ul><\/div><\/div><div  class='flex_column av-j7jcj3-946a04f4a59bf1e7573350b5ac6f7eb6 av_two_third  avia-builder-el-4  el_after_av_one_third  avia-builder-el-last  flex_column_div  '     ><section  class='av_textblock_section av-kcpspez9-6ec576357a4f232a049fd40a79fbf3b7 '   itemscope=\"itemscope\" itemtype=\"https:\/\/schema.org\/BlogPosting\" itemprop=\"blogPost\" ><div class='avia_textblock'  itemprop=\"text\" ><div class=\"teaser\">\n<div class=\"teaser\"><\/div>\n<\/div>\n<div>\n<p>Zu unserer gro\u00dfen Freude ist es uns gemeinsam mit der Musikp\u00e4dagogin Hanna L\u00fcer gelungen, am Freitag, den 24.06.2022 um 16.30 Uhr ein Familienkonzert mit Kindern und f\u00fcr Kinder zu organisieren.<\/p>\n<p>Das Publikum erwartet ein buntes Programm aus kammermusikalischen Beitr\u00e4gen, Solost\u00fccken und klavierbegleiteter Musik quer durch alle Epochen und Musikstile.<\/p>\n<p>Herzliche Einladung an Gro\u00df und Klein.<\/p>\n<\/div>\n<div><\/div>\n<div><\/div>\n<div class=\"teaser\"><\/div>\n<\/div><\/section><\/div><\/p>\n","protected":false},"excerpt":{"rendered":"","protected":false},"author":2,"featured_media":17686,"comment_status":"closed","ping_status":"closed","sticky":false,"template":"","format":"standard","meta":{"footnotes":""},"categories":[2,21,8,31,32,10],"tags":[],"class_list":["post-17665","post","type-post","status-publish","format-standard","has-post-thumbnail","hentry","category-evangelischinerkrath","category-familien","category-kirchengemeinde-und-presbyterium","category-kirchenmusik","category-oekumene","category-presse-und-nachrichten"],"_links":{"self":[{"href":"https:\/\/erkrath.ekir.de\/index.php?rest_route=\/wp\/v2\/posts\/17665","targetHints":{"allow":["GET"]}}],"collection":[{"href":"https:\/\/erkrath.ekir.de\/index.php?rest_route=\/wp\/v2\/posts"}],"about":[{"href":"https:\/\/erkrath.ekir.de\/index.php?rest_route=\/wp\/v2\/types\/post"}],"author":[{"embeddable":true,"href":"https:\/\/erkrath.ekir.de\/index.php?rest_route=\/wp\/v2\/users\/2"}],"replies":[{"embeddable":true,"href":"https:\/\/erkrath.ekir.de\/index.php?rest_route=%2Fwp%2Fv2%2Fcomments&post=17665"}],"version-history":[{"count":0,"href":"https:\/\/erkrath.ekir.de\/index.php?rest_route=\/wp\/v2\/posts\/17665\/revisions"}],"wp:featuredmedia":[{"embeddable":true,"href":"https:\/\/erkrath.ekir.de\/index.php?rest_route=\/wp\/v2\/media\/17686"}],"wp:attachment":[{"href":"https:\/\/erkrath.ekir.de\/index.php?rest_route=%2Fwp%2Fv2%2Fmedia&parent=17665"}],"wp:term":[{"taxonomy":"category","embeddable":true,"href":"https:\/\/erkrath.ekir.de\/index.php?rest_route=%2Fwp%2Fv2%2Fcategories&post=17665"},{"taxonomy":"post_tag","embeddable":true,"href":"https:\/\/erkrath.ekir.de\/index.php?rest_route=%2Fwp%2Fv2%2Ftags&post=17665"}],"curies":[{"name":"wp","href":"https:\/\/api.w.org\/{rel}","templated":true}]}}