{"id":20695,"date":"2023-09-15T18:53:55","date_gmt":"2023-09-15T16:53:55","guid":{"rendered":"https:\/\/erkrath.ekir.de\/?p=20695"},"modified":"2023-09-15T18:54:20","modified_gmt":"2023-09-15T16:54:20","slug":"der-gruene-hahn-2","status":"publish","type":"post","link":"https:\/\/erkrath.ekir.de\/?p=20695","title":{"rendered":"S\u00fcdafrika"},"content":{"rendered":"\n<style type=\"text\/css\" data-created_by=\"avia_inline_auto\" id=\"style-css-av-ntj29e-9d61b7bb633b3fa788f75e21fd9972b1\">\n#top .hr.hr-invisible.av-ntj29e-9d61b7bb633b3fa788f75e21fd9972b1{\nheight:50px;\n}\n<\/style>\n<div  class='hr av-ntj29e-9d61b7bb633b3fa788f75e21fd9972b1 hr-invisible  avia-builder-el-0  el_before_av_heading  avia-builder-el-first '><span class='hr-inner '><span class=\"hr-inner-style\"><\/span><\/span><\/div>\n\n<style type=\"text\/css\" data-created_by=\"avia_inline_auto\" id=\"style-css-av-lamovdly-855d1c61328f439f0f9d107024149147\">\n#top .av-special-heading.av-lamovdly-855d1c61328f439f0f9d107024149147{\npadding-bottom:10px;\nfont-size:3vw;\n}\nbody .av-special-heading.av-lamovdly-855d1c61328f439f0f9d107024149147 .av-special-heading-tag .heading-char{\nfont-size:25px;\n}\n#top #wrap_all .av-special-heading.av-lamovdly-855d1c61328f439f0f9d107024149147 .av-special-heading-tag{\nfont-size:3vw;\n}\n.av-special-heading.av-lamovdly-855d1c61328f439f0f9d107024149147 .av-subheading{\nfont-size:15px;\n}\n\n@media only screen and (min-width: 480px) and (max-width: 767px){ \n#top #wrap_all .av-special-heading.av-lamovdly-855d1c61328f439f0f9d107024149147 .av-special-heading-tag{\nfont-size:0.8em;\n}\n}\n\n@media only screen and (max-width: 479px){ \n#top #wrap_all .av-special-heading.av-lamovdly-855d1c61328f439f0f9d107024149147 .av-special-heading-tag{\nfont-size:0.8em;\n}\n}\n<\/style>\n<div  class='av-special-heading av-lamovdly-855d1c61328f439f0f9d107024149147 av-special-heading-h3 blockquote modern-quote modern-centered  avia-builder-el-1  el_after_av_hr  el_before_av_hr  av-inherit-size'><h3 class='av-special-heading-tag '  itemprop=\"headline\"  >S\u00fcdafrika<\/h3><div class=\"special-heading-border\"><div class=\"special-heading-inner-border\"><\/div><\/div><\/div>\n\n<style type=\"text\/css\" data-created_by=\"avia_inline_auto\" id=\"style-css-av-l9lqgi-65f2e30d3ba799b84b331d05e544e1e8\">\n#top .hr.hr-invisible.av-l9lqgi-65f2e30d3ba799b84b331d05e544e1e8{\nheight:50px;\n}\n<\/style>\n<div  class='hr av-l9lqgi-65f2e30d3ba799b84b331d05e544e1e8 hr-invisible  avia-builder-el-2  el_after_av_heading  el_before_av_one_half '><span class='hr-inner '><span class=\"hr-inner-style\"><\/span><\/span><\/div>\n<div  class='flex_column av-1fk3a2a-939dd3bba9d6a9fecbdbcf0d84242403 av_one_half  avia-builder-el-3  el_after_av_hr  el_before_av_one_half  first flex_column_div  '     ><style type=\"text\/css\" data-created_by=\"avia_inline_auto\" id=\"style-css-av-lh7tfk6c-01d5b68b7e8bd5d3e55e5d76720800c7\">\n.avia-image-container.av-lh7tfk6c-01d5b68b7e8bd5d3e55e5d76720800c7 img.avia_image{\nbox-shadow:none;\n}\n.avia-image-container.av-lh7tfk6c-01d5b68b7e8bd5d3e55e5d76720800c7 .av-image-caption-overlay-center{\ncolor:#ffffff;\n}\n<\/style>\n<div  class='avia-image-container av-lh7tfk6c-01d5b68b7e8bd5d3e55e5d76720800c7 av-styling- avia-align-center  avia-builder-el-4  avia-builder-el-no-sibling '   itemprop=\"image\" itemscope=\"itemscope\" itemtype=\"https:\/\/schema.org\/ImageObject\" ><div class=\"avia-image-container-inner\"><div class=\"avia-image-overlay-wrap\"><img decoding=\"async\" fetchpriority=\"high\" class='wp-image-20696 avia-img-lazy-loading-not-20696 avia_image ' src=\"https:\/\/erkrath.ekir.de\/wp-content\/uploads\/2023\/09\/Flyer-Suedafrika.png\" alt='' title='Flyer S\u00fcdafrika'  height=\"841\" width=\"595\"  itemprop=\"thumbnailUrl\" srcset=\"https:\/\/erkrath.ekir.de\/wp-content\/uploads\/2023\/09\/Flyer-Suedafrika.png 595w, https:\/\/erkrath.ekir.de\/wp-content\/uploads\/2023\/09\/Flyer-Suedafrika-212x300.png 212w, https:\/\/erkrath.ekir.de\/wp-content\/uploads\/2023\/09\/Flyer-Suedafrika-499x705.png 499w\" sizes=\"(max-width: 595px) 100vw, 595px\" \/><\/div><\/div><\/div><\/div>\n<div  class='flex_column av-1cvzx0y-8a55306f904101dd43284fa888f12849 av_one_half  avia-builder-el-5  el_after_av_one_half  avia-builder-el-last  flex_column_div  '     ><section  class='av_textblock_section av-lamp19r2-46179fbbd1e1fe111acae57df06acfbf '   itemscope=\"itemscope\" itemtype=\"https:\/\/schema.org\/BlogPosting\" itemprop=\"blogPost\" ><div class='avia_textblock'  itemprop=\"text\" ><p>In unserer Vortragsreihe <b>\u201eGemeinsam \u00fcber den Tellerrand schauen\u201c<\/b> wird am <b>1. Oktober 2023 um 16.30 Uhr <\/b>Josef Schmitz einen Fotovortrag zum Thema \u201e<b>S\u00fcdafrika \u2013 Kapstadt und Umgebung\u201c <\/b>halten. Er berichtet \u00fcber intensive Erlebnisse am Kap der guten Hoffnung und \u00fcber Einblicke in das widerspr\u00fcchliche Leben in S\u00fcdafrika.<span class=\"Apple-converted-space\">\u00a0<\/span><\/p>\n<\/div><\/section><\/div>\n","protected":false},"excerpt":{"rendered":"","protected":false},"author":2,"featured_media":20696,"comment_status":"closed","ping_status":"closed","sticky":false,"template":"","format":"standard","meta":{"footnotes":""},"categories":[2,8,32],"tags":[],"class_list":["post-20695","post","type-post","status-publish","format-standard","has-post-thumbnail","hentry","category-evangelischinerkrath","category-kirchengemeinde-und-presbyterium","category-oekumene"],"_links":{"self":[{"href":"https:\/\/erkrath.ekir.de\/index.php?rest_route=\/wp\/v2\/posts\/20695","targetHints":{"allow":["GET"]}}],"collection":[{"href":"https:\/\/erkrath.ekir.de\/index.php?rest_route=\/wp\/v2\/posts"}],"about":[{"href":"https:\/\/erkrath.ekir.de\/index.php?rest_route=\/wp\/v2\/types\/post"}],"author":[{"embeddable":true,"href":"https:\/\/erkrath.ekir.de\/index.php?rest_route=\/wp\/v2\/users\/2"}],"replies":[{"embeddable":true,"href":"https:\/\/erkrath.ekir.de\/index.php?rest_route=%2Fwp%2Fv2%2Fcomments&post=20695"}],"version-history":[{"count":3,"href":"https:\/\/erkrath.ekir.de\/index.php?rest_route=\/wp\/v2\/posts\/20695\/revisions"}],"predecessor-version":[{"id":20700,"href":"https:\/\/erkrath.ekir.de\/index.php?rest_route=\/wp\/v2\/posts\/20695\/revisions\/20700"}],"wp:featuredmedia":[{"embeddable":true,"href":"https:\/\/erkrath.ekir.de\/index.php?rest_route=\/wp\/v2\/media\/20696"}],"wp:attachment":[{"href":"https:\/\/erkrath.ekir.de\/index.php?rest_route=%2Fwp%2Fv2%2Fmedia&parent=20695"}],"wp:term":[{"taxonomy":"category","embeddable":true,"href":"https:\/\/erkrath.ekir.de\/index.php?rest_route=%2Fwp%2Fv2%2Fcategories&post=20695"},{"taxonomy":"post_tag","embeddable":true,"href":"https:\/\/erkrath.ekir.de\/index.php?rest_route=%2Fwp%2Fv2%2Ftags&post=20695"}],"curies":[{"name":"wp","href":"https:\/\/api.w.org\/{rel}","templated":true}]}}