{"id":24800,"date":"2026-09-03T16:10:52","date_gmt":"2026-09-03T14:10:52","guid":{"rendered":"https:\/\/erkrath.ekir.de\/?p=24800"},"modified":"2026-09-03T16:10:52","modified_gmt":"2026-09-03T14:10:52","slug":"gastgottesdienst-am-sonntag-06-september-um-10-00-uhr","status":"publish","type":"post","link":"https:\/\/erkrath.ekir.de\/?p=24800","title":{"rendered":"Gastgottesdienst am Sonntag, 06. September um 10.00 Uhr"},"content":{"rendered":"<p>Einladung zum Gastgottesdienst mit<br \/>\nPfarrerin Caroline Richter<br \/>\nam n\u00e4chsten Sonntag,<\/p>\n<p>06. September 2026<\/p>\n<p>um 10.00 Uhr<\/p>\n<p>in der Ev. Kirche Erkrath<\/p>\n<p>Wir sind bekanntlich immer noch auf der Suche nach einer geeigneten Pfarrerin oder einem geeigneten Pfarrer f\u00fcr unsere seit langem vakante Pfarrstelle &#8230;<\/p>\n<p>Nun laden wir herzlich zu diesem besonderen Gottesdienst ein.<\/p>\n<p>Wir freuen uns, mit Pfarrerin Richter eine Interessentin f\u00fcr die Pfarrstelle begr\u00fc\u00dfen zu d\u00fcrfen und dabei die M\u00f6glichkeit zu haben, sie im Gottesdienst kennenzulernen.<\/p>\n<p>Im Anschluss an den Gottesdienst wird beim Kirchencaf\u00e9 M\u00f6glichkeit zum pers\u00f6nlichen Austausch und Gespr\u00e4ch ein.<\/p>\n<p>Nutzen Sie gerne die Gelegenheit, mit Pfarrerin Caroline Richter und miteinander ins Gespr\u00e4ch zu kommen.<\/p>\n<p>Wir freuen uns auf einen sch\u00f6nen Gottesdienst und auf viele Begegnungen!<\/p>\n<p>Und denken Sie daran, diese Einladung gerne an viele Menschen weiterzugeben&#8230;<\/p>\n","protected":false},"excerpt":{"rendered":"<p>Einladung zum Gastgottesdienst mit Pfarrerin Caroline Richter am n\u00e4chsten Sonntag, 06. September 2026 um 10.00 Uhr in der Ev. Kirche Erkrath Wir sind bekanntlich immer noch auf der Suche nach einer geeigneten Pfarrerin oder einem geeigneten Pfarrer f\u00fcr unsere seit langem vakante Pfarrstelle &#8230; Nun laden wir herzlich zu diesem besonderen Gottesdienst ein. Wir freuen [&hellip;]<\/p>\n","protected":false},"author":17,"featured_media":23157,"comment_status":"closed","ping_status":"closed","sticky":false,"template":"","format":"standard","meta":{"footnotes":""},"categories":[2,5,8],"tags":[],"class_list":["post-24800","post","type-post","status-publish","format-standard","has-post-thumbnail","hentry","category-evangelischinerkrath","category-informationen","category-kirchengemeinde-und-presbyterium"],"_links":{"self":[{"href":"https:\/\/erkrath.ekir.de\/index.php?rest_route=\/wp\/v2\/posts\/24800","targetHints":{"allow":["GET"]}}],"collection":[{"href":"https:\/\/erkrath.ekir.de\/index.php?rest_route=\/wp\/v2\/posts"}],"about":[{"href":"https:\/\/erkrath.ekir.de\/index.php?rest_route=\/wp\/v2\/types\/post"}],"author":[{"embeddable":true,"href":"https:\/\/erkrath.ekir.de\/index.php?rest_route=\/wp\/v2\/users\/17"}],"replies":[{"embeddable":true,"href":"https:\/\/erkrath.ekir.de\/index.php?rest_route=%2Fwp%2Fv2%2Fcomments&post=24800"}],"version-history":[{"count":2,"href":"https:\/\/erkrath.ekir.de\/index.php?rest_route=\/wp\/v2\/posts\/24800\/revisions"}],"predecessor-version":[{"id":24802,"href":"https:\/\/erkrath.ekir.de\/index.php?rest_route=\/wp\/v2\/posts\/24800\/revisions\/24802"}],"wp:featuredmedia":[{"embeddable":true,"href":"https:\/\/erkrath.ekir.de\/index.php?rest_route=\/wp\/v2\/media\/23157"}],"wp:attachment":[{"href":"https:\/\/erkrath.ekir.de\/index.php?rest_route=%2Fwp%2Fv2%2Fmedia&parent=24800"}],"wp:term":[{"taxonomy":"category","embeddable":true,"href":"https:\/\/erkrath.ekir.de\/index.php?rest_route=%2Fwp%2Fv2%2Fcategories&post=24800"},{"taxonomy":"post_tag","embeddable":true,"href":"https:\/\/erkrath.ekir.de\/index.php?rest_route=%2Fwp%2Fv2%2Ftags&post=24800"}],"curies":[{"name":"wp","href":"https:\/\/api.w.org\/{rel}","templated":true}]}}